{"id":550,"date":"2009-08-31T08:00:00","date_gmt":"2009-08-31T07:00:00","guid":{"rendered":"http:\/\/www.konstantin-goerlich.de\/wordpress\/2009\/08\/31\/die-vergangene-woche-bei-twitter-2009-08-31\/"},"modified":"2009-08-31T08:00:00","modified_gmt":"2009-08-31T07:00:00","slug":"die-vergangene-woche-bei-twitter-2009-08-31","status":"publish","type":"post","link":"https:\/\/www.konstantin-goerlich.de\/wordpress\/2009\/08\/31\/die-vergangene-woche-bei-twitter-2009-08-31\/","title":{"rendered":"Die vergangene Woche bei Twitter. (2009-08-31)"},"content":{"rendered":"<ul class=\"aktt_tweet_digest\">\n<li>RT @DaVinci81: #<a href=\"http:\/\/search.twitter.com\/search?q=%23rvf\" class=\"aktt_hashtag\">rvf<\/a> #<a href=\"http:\/\/search.twitter.com\/search?q=%23Freiburg\" class=\"aktt_hashtag\">Freiburg<\/a> bietet #<a href=\"http:\/\/search.twitter.com\/search?q=%23Handyticket\" class=\"aktt_hashtag\">Handyticket<\/a> an&#8230; Nur scheinbar nicht #<a href=\"http:\/\/search.twitter.com\/search?q=%23iPhone\" class=\"aktt_hashtag\">iPhone<\/a> kompatibel &#8230; #<a href=\"http:\/\/search.twitter.com\/search?q=%23argh\" class=\"aktt_hashtag\">argh<\/a> #<a href=\"http:\/\/search.twitter.com\/search?q=%23fail\" class=\"aktt_hashtag\">fail<\/a> <a href=\"http:\/\/twitter.com\/konstantin_frbg\/statuses\/3509812547\" class=\"aktt_tweet_time\">#<\/a><\/li>\n<li>@<a href=\"http:\/\/twitter.com\/RevAngeldust\" class=\"aktt_username\">RevAngeldust<\/a> GT8 + GT8Z haben soweit ich wei\u00df kein klima, ob die combinos alle klima haben oder nur die advanced: unsicher. #<a href=\"http:\/\/search.twitter.com\/search?q=%23vag\" class=\"aktt_hashtag\">vag<\/a> #<a href=\"http:\/\/search.twitter.com\/search?q=%23freiburg\" class=\"aktt_hashtag\">freiburg<\/a> <a href=\"http:\/\/twitter.com\/RevAngeldust\/statuses\/3509876981\" class=\"aktt_tweet_reply\">in reply to RevAngeldust<\/a> <a href=\"http:\/\/twitter.com\/konstantin_frbg\/statuses\/3510338621\" class=\"aktt_tweet_time\">#<\/a><\/li>\n<li><a href=\"http:\/\/tr.im\/wYN8\" rel=\"nofollow\">http:\/\/tr.im\/wYN8<\/a> #<a href=\"http:\/\/search.twitter.com\/search?q=%23Merkel\" class=\"aktt_hashtag\">Merkel<\/a> in #<a href=\"http:\/\/search.twitter.com\/search?q=%23Freiburg\" class=\"aktt_hashtag\">Freiburg<\/a> nur Rathausplatz. Letztes mal gef\u00fchlt 1000 Anh\u00e4nger, 4000 Gegner. Jetzt nur Platz f\u00fcr 1000 Leute. Aha <a href=\"http:\/\/twitter.com\/konstantin_frbg\/statuses\/3510467563\" class=\"aktt_tweet_time\">#<\/a><\/li>\n<li>@<a href=\"http:\/\/twitter.com\/rebelreflex\" class=\"aktt_username\">rebelreflex<\/a> die k\u00f6ttbullar sind ok mit den sp\u00e4tzle, wenns etwas mehr so\u00dfe dazu gibt. <a href=\"http:\/\/twitter.com\/rebelreflex\/statuses\/3510625698\" class=\"aktt_tweet_reply\">in reply to rebelreflex<\/a> <a href=\"http:\/\/twitter.com\/konstantin_frbg\/statuses\/3510644740\" class=\"aktt_tweet_time\">#<\/a><\/li>\n<li>zugeparkter Bauzaun vor dem KG4 entpuppt sich als Tor. Etliche Fahrr\u00e4der beiseite geschoben. Schilder statt Schilda! #<a href=\"http:\/\/search.twitter.com\/search?q=%23fahrradstadt\" class=\"aktt_hashtag\">fahrradstadt<\/a> #<a href=\"http:\/\/search.twitter.com\/search?q=%23freiburg\" class=\"aktt_hashtag\">freiburg<\/a> <a href=\"http:\/\/twitter.com\/konstantin_frbg\/statuses\/3511315654\" class=\"aktt_tweet_time\">#<\/a><\/li>\n<li>ab sofort kann ich durch w\u00e4nde gehen. ich habe n\u00e4mlich soeben eine neue abk\u00fcrzung in der kg4-bibliothek gefunden und gelernt :-) <a href=\"http:\/\/twitter.com\/konstantin_frbg\/statuses\/3512561705\" class=\"aktt_tweet_time\">#<\/a><\/li>\n<li>RT @maatc: Umfragen best\u00e4tigen: @<a href=\"http:\/\/twitter.com\/Piratenpartei\" class=\"aktt_username\">Piratenpartei<\/a> wird bei den WLAN immer beliebter #<a href=\"http:\/\/search.twitter.com\/search?q=%23lol\" class=\"aktt_hashtag\">lol<\/a> <a href=\"http:\/\/twitter.com\/konstantin_frbg\/statuses\/3536480006\" class=\"aktt_tweet_time\">#<\/a><\/li>\n<li>Da kann ich mich anschlie\u00dfen, aber gleich gehts los: RT @rebelreflex: &quot;@<a href=\"http:\/\/twitter.com\/HulaLena\" class=\"aktt_username\">HulaLena<\/a> doch, aber das geh\u00f6rt noch zum extended wachwerding.&quot; <a href=\"http:\/\/twitter.com\/konstantin_frbg\/statuses\/3552921779\" class=\"aktt_tweet_time\">#<\/a><\/li>\n<li>@<a href=\"http:\/\/twitter.com\/kaiklare\" class=\"aktt_username\">kaiklare<\/a> ist da m\u00f6glicherweise ein kr\u00e4uterdealer und hat der estragon? <a href=\"http:\/\/twitter.com\/konstantin_frbg\/statuses\/3558074915\" class=\"aktt_tweet_time\">#<\/a><\/li>\n<li>da h\u00e4tte ich vorhin beinahe abgewaschen (statt weiter hausarbeit schreiben) und nun erfahre ich, da\u00df ich gar nicht dran gewesen w\u00e4re. *puh* <a href=\"http:\/\/twitter.com\/konstantin_frbg\/statuses\/3558243772\" class=\"aktt_tweet_time\">#<\/a><\/li>\n<li>m\u00f6glicherweise sollte ich die Fu\u00dfnote &quot;siehe dazu auch irgendwen zu irgendwas irgendwo&quot; nochmal \u00fcberarbeiten &#8230; <a href=\"http:\/\/twitter.com\/konstantin_frbg\/statuses\/3558583882\" class=\"aktt_tweet_time\">#<\/a><\/li>\n<li>RT @badischezeitung: Anschlagspl\u00e4ne: Neonazi in Weil am Rhein festnenommen &#8211; plante er ein Attentat in Freiburg? <a href=\"http:\/\/tiny.cc\/RkxGq\" rel=\"nofollow\">http:\/\/tiny.cc\/RkxGq<\/a> <a href=\"http:\/\/twitter.com\/konstantin_frbg\/statuses\/3575313000\" class=\"aktt_tweet_time\">#<\/a><\/li>\n<li>RT @badischezeitung: Anschlagspl\u00e4ne: Neonazi in Weil am Rhein festnenommen &#8211; plante er ein #<a href=\"http:\/\/search.twitter.com\/search?q=%23Attentat\" class=\"aktt_hashtag\">Attentat<\/a> in #<a href=\"http:\/\/search.twitter.com\/search?q=%23Freiburg\" class=\"aktt_hashtag\">Freiburg<\/a>? <a href=\"http:\/\/tiny.cc\/RkxGq\" rel=\"nofollow\">http:\/\/tiny.cc\/RkxGq<\/a> <a href=\"http:\/\/twitter.com\/konstantin_frbg\/statuses\/3575554192\" class=\"aktt_tweet_time\">#<\/a><\/li>\n<li>Bin auf den neuen Blick auf die KG1-Fassade gespannt: 5. bis 7.9. Vollsperrung Rotteckring wg. Abri\u00df der alten UB-Br\u00fccke. <a href=\"http:\/\/tr.im\/xeSY\" rel=\"nofollow\">http:\/\/tr.im\/xeSY<\/a> <a href=\"http:\/\/twitter.com\/konstantin_frbg\/statuses\/3575903154\" class=\"aktt_tweet_time\">#<\/a><\/li>\n<li>RT @saschalobo: Hurra &#8211; Niggemeier twittert! Und zwar (mit anderen) unter @<a href=\"http:\/\/twitter.com\/bildblog_de\" class=\"aktt_username\">bildblog_de<\/a> (btw: welcher Schlingel hat @<a href=\"http:\/\/twitter.com\/bildblog\" class=\"aktt_username\">bildblog<\/a> entwendet?) <a href=\"http:\/\/twitter.com\/konstantin_frbg\/statuses\/3579250356\" class=\"aktt_tweet_time\">#<\/a><\/li>\n<li>@<a href=\"http:\/\/twitter.com\/sbamueller\" class=\"aktt_username\">sbamueller<\/a> ich denke noch ernsthaft dr\u00fcber nach, mal sehn &#8230; #<a href=\"http:\/\/search.twitter.com\/search?q=%23kuenast\" class=\"aktt_hashtag\">kuenast<\/a> <a href=\"http:\/\/twitter.com\/sbamueller\/statuses\/3578955804\" class=\"aktt_tweet_reply\">in reply to sbamueller<\/a> <a href=\"http:\/\/twitter.com\/konstantin_frbg\/statuses\/3579258208\" class=\"aktt_tweet_time\">#<\/a><\/li>\n<li>hat sich jens riewa in der #<a href=\"http:\/\/search.twitter.com\/search?q=%23tagesschau\" class=\"aktt_hashtag\">tagesschau<\/a> grad mit der #<a href=\"http:\/\/search.twitter.com\/search?q=%23sachsenLB\" class=\"aktt_hashtag\">sachsenLB<\/a> wiederholt? #<a href=\"http:\/\/search.twitter.com\/search?q=%23fail\" class=\"aktt_hashtag\">fail<\/a>? <a href=\"http:\/\/twitter.com\/konstantin_frbg\/statuses\/3607827051\" class=\"aktt_tweet_time\">#<\/a><\/li>\n<li>am haus gegen\u00fcber qualmt der schornstein. etwas zu empfindlich eingestellte heizung. oder bald herbst. sch\u00f6ner frischer schwarzwaldmorgen :) <a href=\"http:\/\/twitter.com\/konstantin_frbg\/statuses\/3641842251\" class=\"aktt_tweet_time\">#<\/a><\/li>\n<li>@<a href=\"http:\/\/twitter.com\/Pyth0n\" class=\"aktt_username\">Pyth0n<\/a> jetzt hab ich erst gelesen &quot;Wieder ein Sonntag in #<a href=\"http:\/\/search.twitter.com\/search?q=%23Freiburg\" class=\"aktt_hashtag\">Freiburg<\/a>&quot; &#8230; lol &#8230; stimmt aber auch ^^ <a href=\"http:\/\/twitter.com\/Pyth0n\/statuses\/3642019784\" class=\"aktt_tweet_reply\">in reply to Pyth0n<\/a> <a href=\"http:\/\/twitter.com\/konstantin_frbg\/statuses\/3642064612\" class=\"aktt_tweet_time\">#<\/a><\/li>\n<li>@<a href=\"http:\/\/twitter.com\/st_s\" class=\"aktt_username\">st_s<\/a> gr\u00fcne googlewerbung: so rein datenkrakentechnisch w\u00e4re das doch eigentlich #<a href=\"http:\/\/search.twitter.com\/search?q=%23gr\" class=\"aktt_hashtag\">gr<\/a>\u00fcne-, oder? #<a href=\"http:\/\/search.twitter.com\/search?q=%23piraten\" class=\"aktt_hashtag\">piraten<\/a>+ <a href=\"http:\/\/twitter.com\/st_s\/statuses\/3633199369\" class=\"aktt_tweet_reply\">in reply to st_s<\/a> <a href=\"http:\/\/twitter.com\/konstantin_frbg\/statuses\/3642493756\" class=\"aktt_tweet_time\">#<\/a><\/li>\n<li>zwei (un?)freiwillige #<a href=\"http:\/\/search.twitter.com\/search?q=%23plakatfail\" class=\"aktt_hashtag\">plakatfail<\/a> bilder von und mit der #<a href=\"http:\/\/search.twitter.com\/search?q=%23cdu\" class=\"aktt_hashtag\">cdu<\/a>&#8211; in berlin: sicherheit &amp; polizei &amp; mercedes &amp; \u00fcberhaupt :-) <a href=\"http:\/\/tr.im\/xsYZ\" rel=\"nofollow\">http:\/\/tr.im\/xsYZ<\/a> <a href=\"http:\/\/twitter.com\/konstantin_frbg\/statuses\/3642632539\" class=\"aktt_tweet_time\">#<\/a><\/li>\n<li>@<a href=\"http:\/\/twitter.com\/_tillwe_\" class=\"aktt_username\">_tillwe_<\/a> morgen um 8 bloggt mein Blog wieder meine letzte Woche bei Twitter. Au\u00dferdem ist in Weil ein Bombenbaunazi verhaftet worden. <a href=\"http:\/\/twitter.com\/_tillwe_\/statuses\/3643227078\" class=\"aktt_tweet_reply\">in reply to _tillwe_<\/a> <a href=\"http:\/\/twitter.com\/konstantin_frbg\/statuses\/3643284769\" class=\"aktt_tweet_time\">#<\/a><\/li>\n<li>@<a href=\"http:\/\/twitter.com\/esther_87\" class=\"aktt_username\">esther_87<\/a> sogar du! :-p <a href=\"http:\/\/twitter.com\/esther_87\/statuses\/3645206658\" class=\"aktt_tweet_reply\">in reply to esther_87<\/a> <a href=\"http:\/\/twitter.com\/konstantin_frbg\/statuses\/3646245389\" class=\"aktt_tweet_time\">#<\/a><\/li>\n<li>#phoenix hat exitpoll-ger\u00fcchte via twitter vorliegen, aber nennt sie nicht, logischer weise. das gibt noch ne debatte nach den wahlen. <a href=\"http:\/\/twitter.com\/konstantin_frbg\/statuses\/3646461189\" class=\"aktt_tweet_time\">#<\/a><\/li>\n<li>alles ausgez\u00e4hlt: 18 + 27 = 45 &gt; 88 \/ 2 = rot-rot ohne gr\u00fcn in #<a href=\"http:\/\/search.twitter.com\/search?q=%23th\" class=\"aktt_hashtag\">th<\/a>\u00fcringen m\u00f6glich. <a href=\"http:\/\/twitter.com\/konstantin_frbg\/statuses\/3650438595\" class=\"aktt_tweet_time\">#<\/a><\/li>\n<\/ul>\n","protected":false},"excerpt":{"rendered":"<p>RT @DaVinci81: #rvf #Freiburg bietet #Handyticket an&#8230; Nur scheinbar nicht #iPhone kompatibel &#8230; #argh #fail # @RevAngeldust GT8 + GT8Z haben soweit ich wei\u00df kein klima, ob die combinos alle klima haben oder nur die advanced: unsicher. #vag #freiburg in reply to RevAngeldust # http:\/\/tr.im\/wYN8 #Merkel in #Freiburg nur Rathausplatz. Letztes mal gef\u00fchlt 1000 Anh\u00e4nger, &#8230; <\/p>\n<p class=\"read-more-container\"><a title=\"Die vergangene Woche bei Twitter. (2009-08-31)\" class=\"read-more button\" href=\"https:\/\/www.konstantin-goerlich.de\/wordpress\/2009\/08\/31\/die-vergangene-woche-bei-twitter-2009-08-31\/#more-550\" aria-label=\"Mehr Informationen \u00fcber Die vergangene Woche bei Twitter. (2009-08-31)\">weiterlesen<\/a><\/p>\n","protected":false},"author":1,"featured_media":0,"comment_status":"open","ping_status":"open","sticky":false,"template":"","format":"standard","meta":{"footnotes":""},"categories":[1],"tags":[],"_links":{"self":[{"href":"https:\/\/www.konstantin-goerlich.de\/wordpress\/wp-json\/wp\/v2\/posts\/550"}],"collection":[{"href":"https:\/\/www.konstantin-goerlich.de\/wordpress\/wp-json\/wp\/v2\/posts"}],"about":[{"href":"https:\/\/www.konstantin-goerlich.de\/wordpress\/wp-json\/wp\/v2\/types\/post"}],"author":[{"embeddable":true,"href":"https:\/\/www.konstantin-goerlich.de\/wordpress\/wp-json\/wp\/v2\/users\/1"}],"replies":[{"embeddable":true,"href":"https:\/\/www.konstantin-goerlich.de\/wordpress\/wp-json\/wp\/v2\/comments?post=550"}],"version-history":[{"count":0,"href":"https:\/\/www.konstantin-goerlich.de\/wordpress\/wp-json\/wp\/v2\/posts\/550\/revisions"}],"wp:attachment":[{"href":"https:\/\/www.konstantin-goerlich.de\/wordpress\/wp-json\/wp\/v2\/media?parent=550"}],"wp:term":[{"taxonomy":"category","embeddable":true,"href":"https:\/\/www.konstantin-goerlich.de\/wordpress\/wp-json\/wp\/v2\/categories?post=550"},{"taxonomy":"post_tag","embeddable":true,"href":"https:\/\/www.konstantin-goerlich.de\/wordpress\/wp-json\/wp\/v2\/tags?post=550"}],"curies":[{"name":"wp","href":"https:\/\/api.w.org\/{rel}","templated":true}]}}