{"id":543,"date":"2009-08-24T08:00:00","date_gmt":"2009-08-24T07:00:00","guid":{"rendered":"http:\/\/www.konstantin-goerlich.de\/wordpress\/2009\/08\/24\/die-vergangene-woche-bei-twitter-2009-08-24\/"},"modified":"2009-08-24T08:00:00","modified_gmt":"2009-08-24T07:00:00","slug":"die-vergangene-woche-bei-twitter-2009-08-24","status":"publish","type":"post","link":"https:\/\/www.konstantin-goerlich.de\/wordpress\/2009\/08\/24\/die-vergangene-woche-bei-twitter-2009-08-24\/","title":{"rendered":"Die vergangene Woche bei Twitter. (2009-08-24)"},"content":{"rendered":"<ul class=\"aktt_tweet_digest\">\n<li>endlich kommt frischer wind in die bibliotheksarbeit. ich habe jetzt n\u00e4mlich einen usb-ventilator :-) <a href=\"http:\/\/twitter.com\/konstantin_frbg\/statuses\/3357934102\" class=\"aktt_tweet_time\">#<\/a><\/li>\n<li>RT @<a href=\"http:\/\/twitter.com\/Tomser\" class=\"aktt_username\">Tomser<\/a> &quot;Am Mittwoch \/ Donnerstag wir der hei\u00dfeste Tag des Jahres erwartet. Mehr als 35 Grad. #<a href=\"http:\/\/search.twitter.com\/search?q=%23DWD\" class=\"aktt_hashtag\">DWD<\/a> #<a href=\"http:\/\/search.twitter.com\/search?q=%23Sommer\" class=\"aktt_hashtag\">Sommer<\/a> #<a href=\"http:\/\/search.twitter.com\/search?q=%23Hitze\" class=\"aktt_hashtag\">Hitze<\/a> #<a href=\"http:\/\/search.twitter.com\/search?q=%23Freiburg\" class=\"aktt_hashtag\">Freiburg<\/a>&quot; na suuuper <a href=\"http:\/\/twitter.com\/konstantin_frbg\/statuses\/3357952643\" class=\"aktt_tweet_time\">#<\/a><\/li>\n<li>#UB #<a href=\"http:\/\/search.twitter.com\/search?q=%23Freiburg\" class=\"aktt_hashtag\">Freiburg<\/a> erreicht f\u00fcr mich neuen Rekord: 3 abholbereite B\u00fccher (laut Onlinekonto) die gar nicht abholbereit (laut Regal) sind. #<a href=\"http:\/\/search.twitter.com\/search?q=%23fail\" class=\"aktt_hashtag\">fail<\/a> <a href=\"http:\/\/twitter.com\/konstantin_frbg\/statuses\/3358611199\" class=\"aktt_tweet_time\">#<\/a><\/li>\n<li>. @<a href=\"http:\/\/twitter.com\/udovetter\" class=\"aktt_username\">udovetter<\/a> und dann wegen twittern am steuer rausgezogen worden? <a href=\"http:\/\/twitter.com\/udovetter\/statuses\/3366911869\" class=\"aktt_tweet_reply\">in reply to udovetter<\/a> <a href=\"http:\/\/twitter.com\/konstantin_frbg\/statuses\/3367005829\" class=\"aktt_tweet_time\">#<\/a><\/li>\n<li>dinosaurierausstellung jetzt doch im #<a href=\"http:\/\/search.twitter.com\/search?q=%23seepark\" class=\"aktt_hashtag\">seepark<\/a> #<a href=\"http:\/\/search.twitter.com\/search?q=%23freiburg\" class=\"aktt_hashtag\">freiburg<\/a>? ach nein, ist nur die #<a href=\"http:\/\/search.twitter.com\/search?q=%23spd\" class=\"aktt_hashtag\">spd<\/a>, gleich auchnoch mit steinmeier &#8230; mal sehn wie&#39;s wird. <a href=\"http:\/\/twitter.com\/konstantin_frbg\/statuses\/3386257743\" class=\"aktt_tweet_time\">#<\/a><\/li>\n<li>tja herr erler, erst das wahlrecht nicht mit \u00e4ndern wollen und jetzt \u00fcber zuviele cdu-\u00fcberhangmandate jammern. #<a href=\"http:\/\/search.twitter.com\/search?q=%23spd\" class=\"aktt_hashtag\">spd<\/a> #<a href=\"http:\/\/search.twitter.com\/search?q=%23fail\" class=\"aktt_hashtag\">fail<\/a> <a href=\"http:\/\/twitter.com\/konstantin_frbg\/statuses\/3387215208\" class=\"aktt_tweet_time\">#<\/a><\/li>\n<li>warten auf godot &#8230; \u00e4h, auf den minuswalter. <a href=\"http:\/\/twitter.com\/konstantin_frbg\/statuses\/3387444122\" class=\"aktt_tweet_time\">#<\/a><\/li>\n<li>da isser: <a href=\"http:\/\/twitpic.com\/edhw9\" rel=\"nofollow\">http:\/\/twitpic.com\/edhw9<\/a> #<a href=\"http:\/\/search.twitter.com\/search?q=%23spd\" class=\"aktt_hashtag\">spd<\/a> #<a href=\"http:\/\/search.twitter.com\/search?q=%23steinmeier\" class=\"aktt_hashtag\">steinmeier<\/a> #<a href=\"http:\/\/search.twitter.com\/search?q=%23freiburg\" class=\"aktt_hashtag\">freiburg<\/a> <a href=\"http:\/\/twitter.com\/konstantin_frbg\/statuses\/3387599333\" class=\"aktt_tweet_time\">#<\/a><\/li>\n<li>RT @j_b_: Ist eigentlich einem schon aufgefallen, dass wenn bei &quot;Schaeuble&quot; die Buchtsaben vertauscht, &quot;Belausche&quot; herauskommt? o.O <a href=\"http:\/\/twitter.com\/konstantin_frbg\/statuses\/3389203930\" class=\"aktt_tweet_time\">#<\/a><\/li>\n<li>@<a href=\"http:\/\/twitter.com\/themroc\" class=\"aktt_username\">themroc<\/a> bzgl. welcher 1&amp;1-produkte? hosting oder dsl? <a href=\"http:\/\/twitter.com\/themroc\/statuses\/3403963200\" class=\"aktt_tweet_reply\">in reply to themroc<\/a> <a href=\"http:\/\/twitter.com\/konstantin_frbg\/statuses\/3406387748\" class=\"aktt_tweet_time\">#<\/a><\/li>\n<li>@<a href=\"http:\/\/twitter.com\/themroc\" class=\"aktt_username\">themroc<\/a> scheint aber nur gr\u00f6\u00dfere sachen zu betreffen. hab jedenfalls keine solche mail bekommen (1&amp;1 Home 5.0). <a href=\"http:\/\/twitter.com\/themroc\/statuses\/3406411334\" class=\"aktt_tweet_reply\">in reply to themroc<\/a> <a href=\"http:\/\/twitter.com\/konstantin_frbg\/statuses\/3406528291\" class=\"aktt_tweet_time\">#<\/a><\/li>\n<li>BZ: &quot;Videoaufnahmen &#8230; Staatsschutz &#8230; nicht auf den Vorfall hin ausgewertet&quot; wof\u00fcr sind die sonst da? #<a href=\"http:\/\/search.twitter.com\/search?q=%23urteil\" class=\"aktt_hashtag\">urteil<\/a> #<a href=\"http:\/\/search.twitter.com\/search?q=%23freiburg\" class=\"aktt_hashtag\">freiburg<\/a> <a href=\"http:\/\/tr.im\/wHNU\" rel=\"nofollow\">http:\/\/tr.im\/wHNU<\/a> <a href=\"http:\/\/twitter.com\/konstantin_frbg\/statuses\/3410299423\" class=\"aktt_tweet_time\">#<\/a><\/li>\n<li>Bitte nicht f\u00fcttern! Eine Herde Touristen wird \u00fcbern #<a href=\"http:\/\/search.twitter.com\/search?q=%23Augustinerplatz\" class=\"aktt_hashtag\">Augustinerplatz<\/a> gef\u00fchrt. S\u00e4ule des Tourismus? #<a href=\"http:\/\/search.twitter.com\/search?q=%23Freiburg\" class=\"aktt_hashtag\">Freiburg<\/a> <a href=\"http:\/\/twitter.com\/konstantin_frbg\/statuses\/3411870440\" class=\"aktt_tweet_time\">#<\/a><\/li>\n<li>@<a href=\"http:\/\/twitter.com\/fxneumann\" class=\"aktt_username\">fxneumann<\/a> klingt nach einer fotoserie. #<a href=\"http:\/\/search.twitter.com\/search?q=%23freiburg\" class=\"aktt_hashtag\">freiburg<\/a> #<a href=\"http:\/\/search.twitter.com\/search?q=%23hitze\" class=\"aktt_hashtag\">hitze<\/a> #<a href=\"http:\/\/search.twitter.com\/search?q=%23wetter\" class=\"aktt_hashtag\">wetter<\/a> <a href=\"http:\/\/twitter.com\/fxneumann\/statuses\/3429499856\" class=\"aktt_tweet_reply\">in reply to fxneumann<\/a> <a href=\"http:\/\/twitter.com\/konstantin_frbg\/statuses\/3429743611\" class=\"aktt_tweet_time\">#<\/a><\/li>\n<li>jetzt wollte ich twittern, da\u00df twitter down ist, aber twitter ist ja down &#8230; <a href=\"http:\/\/twitter.com\/konstantin_frbg\/statuses\/3429949256\" class=\"aktt_tweet_time\">#<\/a><\/li>\n<li>darf man bei diesem wetter eigentlich sachen anziehen, die nur bis 30 grad gewaschen werden d\u00fcrfen? #<a href=\"http:\/\/search.twitter.com\/search?q=%23hitze\" class=\"aktt_hashtag\">hitze<\/a> #<a href=\"http:\/\/search.twitter.com\/search?q=%23freiburg\" class=\"aktt_hashtag\">freiburg<\/a> #<a href=\"http:\/\/search.twitter.com\/search?q=%23sommer\" class=\"aktt_hashtag\">sommer<\/a> <a href=\"http:\/\/twitter.com\/konstantin_frbg\/statuses\/3432173108\" class=\"aktt_tweet_time\">#<\/a><\/li>\n<li>@<a href=\"http:\/\/twitter.com\/pixeljunkie\" class=\"aktt_username\">pixeljunkie<\/a> w\u00fcrde vermuten, da\u00df der erler da schon hing als ihm der pfeil &quot;untergeschoben&quot; wurde &#8230;  #<a href=\"http:\/\/search.twitter.com\/search?q=%23fail\" class=\"aktt_hashtag\">fail<\/a> #<a href=\"http:\/\/search.twitter.com\/search?q=%23SPD\" class=\"aktt_hashtag\">SPD<\/a> #<a href=\"http:\/\/search.twitter.com\/search?q=%23Gruenen\" class=\"aktt_hashtag\">Gruenen<\/a> #<a href=\"http:\/\/search.twitter.com\/search?q=%23btw09\" class=\"aktt_hashtag\">btw09<\/a> #<a href=\"http:\/\/search.twitter.com\/search?q=%23Freiburg\" class=\"aktt_hashtag\">Freiburg<\/a> <a href=\"http:\/\/twitter.com\/pixeljunkie\/statuses\/3447522490\" class=\"aktt_tweet_reply\">in reply to pixeljunkie<\/a> <a href=\"http:\/\/twitter.com\/konstantin_frbg\/statuses\/3448886876\" class=\"aktt_tweet_time\">#<\/a><\/li>\n<li>@<a href=\"http:\/\/twitter.com\/misscaro\" class=\"aktt_username\">misscaro<\/a> was genau soll denn bitte &quot;crossmedial&quot; sein? wahrscheinlich sind wir es alle, ohne es zu wissen &#8230; <a href=\"http:\/\/twitter.com\/misscaro\/statuses\/3450330602\" class=\"aktt_tweet_reply\">in reply to misscaro<\/a> <a href=\"http:\/\/twitter.com\/konstantin_frbg\/statuses\/3450450255\" class=\"aktt_tweet_time\">#<\/a><\/li>\n<li>@<a href=\"http:\/\/twitter.com\/esther_87\" class=\"aktt_username\">esther_87<\/a> yoa, das ist so, weil die bibliothek schon geschlossen hat &#8230; gute n8 ^^ <a href=\"http:\/\/twitter.com\/esther_87\/statuses\/3452633988\" class=\"aktt_tweet_reply\">in reply to esther_87<\/a> <a href=\"http:\/\/twitter.com\/konstantin_frbg\/statuses\/3457644943\" class=\"aktt_tweet_time\">#<\/a><\/li>\n<li>RT @misscaro: &quot;we feed the world geguckt. zu dem schluss gekommen, da\u00df polit. gewalt doch ganz ok ist, solange sie sich gg. nestl\u00e9 richtet.&quot; <a href=\"http:\/\/twitter.com\/konstantin_frbg\/statuses\/3469057261\" class=\"aktt_tweet_time\">#<\/a><\/li>\n<li>f\u00fchle mich heute morgen irgendwie so crossmedial. <a href=\"http:\/\/twitter.com\/konstantin_frbg\/statuses\/3469073897\" class=\"aktt_tweet_time\">#<\/a><\/li>\n<li>@<a href=\"http:\/\/twitter.com\/DVaulont\" class=\"aktt_username\">DVaulont<\/a> die denken der wird vom GR und nicht direkt gew\u00e4hlt. wenn wir n\u00e4chstes jahr einen neuen w\u00e4hlen werden sie&#39;s aber vergessen haben. <a href=\"http:\/\/twitter.com\/DVaulont\/statuses\/3469188700\" class=\"aktt_tweet_reply\">in reply to DVaulont<\/a> <a href=\"http:\/\/twitter.com\/konstantin_frbg\/statuses\/3469199995\" class=\"aktt_tweet_time\">#<\/a><\/li>\n<li>Henryk M. Broder bekommt in Kopenhagen auf die Fresse. Der Sonntag f\u00e4ngt gut an :-) <a href=\"http:\/\/tr.im\/wVrj\" rel=\"nofollow\">http:\/\/tr.im\/wVrj<\/a> <a href=\"http:\/\/twitter.com\/konstantin_frbg\/statuses\/3489158355\" class=\"aktt_tweet_time\">#<\/a><\/li>\n<li>Kurz erstaunt \u00fcbers exakt gleichschnelle Zwischenspeichern und Abspielen im Player. Dabei ist das doch gerade das Wesen eines Livestreams&#8230; <a href=\"http:\/\/twitter.com\/konstantin_frbg\/statuses\/3489707860\" class=\"aktt_tweet_time\">#<\/a><\/li>\n<\/ul>\n","protected":false},"excerpt":{"rendered":"<p>endlich kommt frischer wind in die bibliotheksarbeit. ich habe jetzt n\u00e4mlich einen usb-ventilator :-) # RT @Tomser &quot;Am Mittwoch \/ Donnerstag wir der hei\u00dfeste Tag des Jahres erwartet. Mehr als 35 Grad. #DWD #Sommer #Hitze #Freiburg&quot; na suuuper # #UB #Freiburg erreicht f\u00fcr mich neuen Rekord: 3 abholbereite B\u00fccher (laut Onlinekonto) die gar nicht abholbereit &#8230; <\/p>\n<p class=\"read-more-container\"><a title=\"Die vergangene Woche bei Twitter. (2009-08-24)\" class=\"read-more button\" href=\"https:\/\/www.konstantin-goerlich.de\/wordpress\/2009\/08\/24\/die-vergangene-woche-bei-twitter-2009-08-24\/#more-543\" aria-label=\"Mehr Informationen \u00fcber Die vergangene Woche bei Twitter. (2009-08-24)\">weiterlesen<\/a><\/p>\n","protected":false},"author":1,"featured_media":0,"comment_status":"open","ping_status":"open","sticky":false,"template":"","format":"standard","meta":{"footnotes":""},"categories":[1],"tags":[],"_links":{"self":[{"href":"https:\/\/www.konstantin-goerlich.de\/wordpress\/wp-json\/wp\/v2\/posts\/543"}],"collection":[{"href":"https:\/\/www.konstantin-goerlich.de\/wordpress\/wp-json\/wp\/v2\/posts"}],"about":[{"href":"https:\/\/www.konstantin-goerlich.de\/wordpress\/wp-json\/wp\/v2\/types\/post"}],"author":[{"embeddable":true,"href":"https:\/\/www.konstantin-goerlich.de\/wordpress\/wp-json\/wp\/v2\/users\/1"}],"replies":[{"embeddable":true,"href":"https:\/\/www.konstantin-goerlich.de\/wordpress\/wp-json\/wp\/v2\/comments?post=543"}],"version-history":[{"count":0,"href":"https:\/\/www.konstantin-goerlich.de\/wordpress\/wp-json\/wp\/v2\/posts\/543\/revisions"}],"wp:attachment":[{"href":"https:\/\/www.konstantin-goerlich.de\/wordpress\/wp-json\/wp\/v2\/media?parent=543"}],"wp:term":[{"taxonomy":"category","embeddable":true,"href":"https:\/\/www.konstantin-goerlich.de\/wordpress\/wp-json\/wp\/v2\/categories?post=543"},{"taxonomy":"post_tag","embeddable":true,"href":"https:\/\/www.konstantin-goerlich.de\/wordpress\/wp-json\/wp\/v2\/tags?post=543"}],"curies":[{"name":"wp","href":"https:\/\/api.w.org\/{rel}","templated":true}]}}