{"id":542,"date":"2009-08-17T08:00:00","date_gmt":"2009-08-17T07:00:00","guid":{"rendered":"http:\/\/www.konstantin-goerlich.de\/wordpress\/2009\/08\/17\/die-vergangene-woche-bei-twitter-2009-08-17\/"},"modified":"2009-08-17T08:00:00","modified_gmt":"2009-08-17T07:00:00","slug":"die-vergangene-woche-bei-twitter-2009-08-17","status":"publish","type":"post","link":"https:\/\/www.konstantin-goerlich.de\/wordpress\/2009\/08\/17\/die-vergangene-woche-bei-twitter-2009-08-17\/","title":{"rendered":"Die vergangene Woche bei Twitter. (2009-08-17)"},"content":{"rendered":"<ul class=\"aktt_tweet_digest\">\n<li>endlich: neue #<a href=\"http:\/\/search.twitter.com\/search?q=%23twittertools\" class=\"aktt_hashtag\">twittertools<\/a> f\u00fcrs aktuelle #<a href=\"http:\/\/search.twitter.com\/search?q=%23wordpress\" class=\"aktt_hashtag\">wordpress<\/a> 2.8.3 :-) samt widget f\u00fcr&#39;s men\u00fc (<a href=\"http:\/\/www.konstantin-goerlich.de\" rel=\"nofollow\">http:\/\/www.konstantin-goerlich.de<\/a>) <a href=\"http:\/\/twitter.com\/konstantin_frbg\/statuses\/3225890380\" class=\"aktt_tweet_time\">#<\/a><\/li>\n<li>Meine Tasse darf kein kaffeefreier Raum sein! <a href=\"http:\/\/twitter.com\/konstantin_frbg\/statuses\/3226890475\" class=\"aktt_tweet_time\">#<\/a><\/li>\n<li>&quot;Gl\u00fcckwunsch, u-asta. Harmonie l\u00e4sst gut schlafen.&quot; Prof. Hefendehl kritisiert K\u00fcrzungsbeteiligung: <a href=\"http:\/\/tr.im\/wcO0\" rel=\"nofollow\">http:\/\/tr.im\/wcO0<\/a> Und womit? Mit Recht. <a href=\"http:\/\/twitter.com\/konstantin_frbg\/statuses\/3246933545\" class=\"aktt_tweet_time\">#<\/a><\/li>\n<li>der twitterclient #<a href=\"http:\/\/search.twitter.com\/search?q=%23nambu\" class=\"aktt_hashtag\">nambu<\/a> benutzt immernoch den eingestellten url-shortener #<a href=\"http:\/\/search.twitter.com\/search?q=%23tr\" class=\"aktt_hashtag\">tr<\/a>.im &#8230; #<a href=\"http:\/\/search.twitter.com\/search?q=%23trim\" class=\"aktt_hashtag\">trim<\/a> &#8230; #<a href=\"http:\/\/search.twitter.com\/search?q=%23fail\" class=\"aktt_hashtag\">fail<\/a> <a href=\"http:\/\/twitter.com\/konstantin_frbg\/statuses\/3246970838\" class=\"aktt_tweet_time\">#<\/a><\/li>\n<li>#spieleabend endete mit ebenso verdientem wie knappem vorletzten platz bie &quot;zug um zug&quot;. <a href=\"http:\/\/twitter.com\/konstantin_frbg\/statuses\/3253597894\" class=\"aktt_tweet_time\">#<\/a><\/li>\n<li>Foyer des KG1 voll erleuchtet. Jetzt. <a href=\"http:\/\/twitpic.com\/djt7c\" rel=\"nofollow\">http:\/\/twitpic.com\/djt7c<\/a> Die UB gg\u00fc. teilw. auch. Darum also all die K\u00fcrzungen. #<a href=\"http:\/\/search.twitter.com\/search?q=%23uni\" class=\"aktt_hashtag\">uni<\/a> #<a href=\"http:\/\/search.twitter.com\/search?q=%23freiburg\" class=\"aktt_hashtag\">freiburg<\/a> #<a href=\"http:\/\/search.twitter.com\/search?q=%23fail\" class=\"aktt_hashtag\">fail<\/a> <a href=\"http:\/\/twitter.com\/konstantin_frbg\/statuses\/3253979471\" class=\"aktt_tweet_time\">#<\/a><\/li>\n<li>@<a href=\"http:\/\/twitter.com\/pixeljunkie\" class=\"aktt_username\">pixeljunkie<\/a> komisch, bei mir geht das. #<a href=\"http:\/\/search.twitter.com\/search?q=%23mac\" class=\"aktt_hashtag\">mac<\/a> #<a href=\"http:\/\/search.twitter.com\/search?q=%23stickies\" class=\"aktt_hashtag\">stickies<\/a> &#8230; ;-p <a href=\"http:\/\/twitter.com\/pixeljunkie\/statuses\/3261917946\" class=\"aktt_tweet_reply\">in reply to pixeljunkie<\/a> <a href=\"http:\/\/twitter.com\/konstantin_frbg\/statuses\/3262053863\" class=\"aktt_tweet_time\">#<\/a><\/li>\n<li>RT @badischezeitung: In zitternder Erwartung freuen wir uns auf den 1000sten Follower. Ein Flasche Schaumwein steht in der Redaktion bereit. <a href=\"http:\/\/twitter.com\/konstantin_frbg\/statuses\/3264429841\" class=\"aktt_tweet_time\">#<\/a><\/li>\n<li>in der bibliothek im kg4 gibts auf der empore ja garkeine steckdosen :-( und kaffee im fachschaftsraum war auch keiner :-(( <a href=\"http:\/\/twitter.com\/konstantin_frbg\/statuses\/3264468157\" class=\"aktt_tweet_time\">#<\/a><\/li>\n<li>ich bin doof: an jedem tisch zwei steckdosen. da hab ich nicht gesucht. #<a href=\"http:\/\/search.twitter.com\/search?q=%23autofail\" class=\"aktt_hashtag\">autofail<\/a> <a href=\"http:\/\/twitter.com\/konstantin_frbg\/statuses\/3264524637\" class=\"aktt_tweet_time\">#<\/a><\/li>\n<li>schon wieder verfolgt mich ein fernsehteam in der bibliothek. soll ich etwa auch eingespart werden? morgen ist pressekonf. zur finanzlage. <a href=\"http:\/\/twitter.com\/konstantin_frbg\/statuses\/3267053290\" class=\"aktt_tweet_time\">#<\/a><\/li>\n<li>grad von zuvor \u00fcberholtem anderen radler geschnitten und ausgebremst worden. f\u00e4hrt sonst vermutlich alte e-klasse. #<a href=\"http:\/\/search.twitter.com\/search?q=%23fahrradstadt\" class=\"aktt_hashtag\">fahrradstadt<\/a> #<a href=\"http:\/\/search.twitter.com\/search?q=%23freiburg\" class=\"aktt_hashtag\">freiburg<\/a> <a href=\"http:\/\/twitter.com\/konstantin_frbg\/statuses\/3269900646\" class=\"aktt_tweet_time\">#<\/a><\/li>\n<li>wieder in kg4-bib., an der pforte noch ein kurzes gespr\u00e4ch \u00fcber zustand und chancen der SPD. sieht nich gut aus, k\u00f6nnte aber schlimmer sein. <a href=\"http:\/\/twitter.com\/konstantin_frbg\/statuses\/3282751061\" class=\"aktt_tweet_time\">#<\/a><\/li>\n<li>bei pressekonferenz der studivertretung bzgl. hochschulfinanzierung. unheimlich: ca. 7 teilnehmer, h\u00f6rsaal 1010 leicht \u00fcberdimensioniert &#8230; <a href=\"http:\/\/twitter.com\/konstantin_frbg\/statuses\/3283442179\" class=\"aktt_tweet_time\">#<\/a><\/li>\n<li>RT @sixtus: Th\u00fcringen ist offenbar ein weitgehend rechtsfreier Raum: <a href=\"http:\/\/de.indymedia.org\/2009\/08\/258119.shtml\" rel=\"nofollow\">http:\/\/de.indymedia.org\/2009\/08\/258119.shtml<\/a> <a href=\"http:\/\/twitter.com\/konstantin_frbg\/statuses\/3286905034\" class=\"aktt_tweet_time\">#<\/a><\/li>\n<li>und dann war da noch: die chinesische austauschstudentin mit dem apple-logo-sticker powerbook-g3-m\u00e4\u00dfig mitten auf dem hp-notebook. <a href=\"http:\/\/twitter.com\/konstantin_frbg\/statuses\/3287030061\" class=\"aktt_tweet_time\">#<\/a><\/li>\n<li>RT @mikes1985: &quot;Schon wieder Crash mit straba in frbg <a href=\"http:\/\/twitpic.com\/dqcze&#38;quot\" rel=\"nofollow\">http:\/\/twitpic.com\/dqcze&#38;quot<\/a>; &#8230; der R\u00fcckspiegel, das unbekannte Wesen &#8230; #<a href=\"http:\/\/search.twitter.com\/search?q=%23freiburg\" class=\"aktt_hashtag\">freiburg<\/a> <a href=\"http:\/\/twitter.com\/konstantin_frbg\/statuses\/3287619138\" class=\"aktt_tweet_time\">#<\/a><\/li>\n<li>RT @sixtus: Das mal zum Thema turnusm\u00e4\u00dfiger Plakatwechsel: gleiches Motiv, nur ohne schwarzen Mann <a href=\"http:\/\/u.nu\/473u\" rel=\"nofollow\">http:\/\/u.nu\/473u<\/a> Herr Althaus, wir h\u00f6ren? <a href=\"http:\/\/twitter.com\/konstantin_frbg\/statuses\/3288441617\" class=\"aktt_tweet_time\">#<\/a><\/li>\n<li>. @<a href=\"http:\/\/twitter.com\/sixtus\" class=\"aktt_username\">sixtus<\/a> zudem stellt sich die frage, warum man auch eine plakatversion ohne herrn schall druckte. gibts auch eine version ohne althaus? <a href=\"http:\/\/twitter.com\/sixtus\/statuses\/3288446700\" class=\"aktt_tweet_reply\">in reply to sixtus<\/a> <a href=\"http:\/\/twitter.com\/konstantin_frbg\/statuses\/3288566675\" class=\"aktt_tweet_time\">#<\/a><\/li>\n<li>auch die b90gr\u00fcnen entfernen plakate, die einen schwarzen zeigen. ganz ohne npd und #<a href=\"http:\/\/search.twitter.com\/search?q=%23althaus\" class=\"aktt_hashtag\">althaus<\/a>, und nichtmal in #<a href=\"http:\/\/search.twitter.com\/search?q=%23thueringen\" class=\"aktt_hashtag\">thueringen<\/a>: <a href=\"http:\/\/tr.im\/wlf7\" rel=\"nofollow\">http:\/\/tr.im\/wlf7<\/a> <a href=\"http:\/\/twitter.com\/konstantin_frbg\/statuses\/3289193800\" class=\"aktt_tweet_time\">#<\/a><\/li>\n<li>Reiz\u00fcberflutung: Umweltschutzamt #<a href=\"http:\/\/search.twitter.com\/search?q=%23Freiburg\" class=\"aktt_hashtag\">Freiburg<\/a> r\u00e4t vom Baden im #<a href=\"http:\/\/search.twitter.com\/search?q=%23Dietenbachsee\" class=\"aktt_hashtag\">Dietenbachsee<\/a> wegen vermehrter Hautausschl\u00e4ge ab. <a href=\"http:\/\/tr.im\/woSq\" rel=\"nofollow\">http:\/\/tr.im\/woSq<\/a> <a href=\"http:\/\/twitter.com\/konstantin_frbg\/statuses\/3308393474\" class=\"aktt_tweet_time\">#<\/a><\/li>\n<li>ddr-feeling im LaPiazza, #<a href=\"http:\/\/search.twitter.com\/search?q=%23rathausgasse\" class=\"aktt_hashtag\">rathausgasse<\/a> in #<a href=\"http:\/\/search.twitter.com\/search?q=%23freiburg\" class=\"aktt_hashtag\">freiburg<\/a>: lachslasagne hat lieferschwierigkeiten. alle ander schon fertig. #<a href=\"http:\/\/search.twitter.com\/search?q=%23fail\" class=\"aktt_hashtag\">fail<\/a> <a href=\"http:\/\/twitter.com\/konstantin_frbg\/statuses\/3332384536\" class=\"aktt_tweet_time\">#<\/a><\/li>\n<li>@<a href=\"http:\/\/twitter.com\/elTobert\" class=\"aktt_username\">elTobert<\/a> nicht zu schick &#8230; hmm &#8230; das #<a href=\"http:\/\/search.twitter.com\/search?q=%23crash\" class=\"aktt_hashtag\">crash<\/a> in der schnewlinstra\u00dfe &#8230; oder das #<a href=\"http:\/\/search.twitter.com\/search?q=%23elpi\" class=\"aktt_hashtag\">elpi<\/a> in der schiffstra\u00dfe. musikgeschmack? alter? <a href=\"http:\/\/twitter.com\/elTobert\/statuses\/3334483582\" class=\"aktt_tweet_reply\">in reply to elTobert<\/a> <a href=\"http:\/\/twitter.com\/konstantin_frbg\/statuses\/3341944873\" class=\"aktt_tweet_time\">#<\/a><\/li>\n<li>RT @sbamueller: &quot;Also diese plakte von der #<a href=\"http:\/\/search.twitter.com\/search?q=%23piratenpartei\" class=\"aktt_hashtag\">piratenpartei<\/a> gefallen mir sehr gut&quot; mir auch. ich mag das mit der m\u00fcnze :-) <a href=\"http:\/\/twitter.com\/konstantin_frbg\/statuses\/3343582479\" class=\"aktt_tweet_time\">#<\/a><\/li>\n<li>@<a href=\"http:\/\/twitter.com\/sbamueller\" class=\"aktt_username\">sbamueller<\/a> da hast du schon nicht ganz unrecht. vor allem werden beide alt aussehen. gegen die andere. <a href=\"http:\/\/twitter.com\/sbamueller\/statuses\/3344572646\" class=\"aktt_tweet_reply\">in reply to sbamueller<\/a> <a href=\"http:\/\/twitter.com\/konstantin_frbg\/statuses\/3344697094\" class=\"aktt_tweet_time\">#<\/a><\/li>\n<li>nach einer wanderung nach st. ottilien und einem abschlu\u00dfeis in der stadt jetzt wieder zu hause. uff. aber sch\u00f6n gewesen :-) <a href=\"http:\/\/twitter.com\/konstantin_frbg\/statuses\/3349117113\" class=\"aktt_tweet_time\">#<\/a><\/li>\n<\/ul>\n","protected":false},"excerpt":{"rendered":"<p>endlich: neue #twittertools f\u00fcrs aktuelle #wordpress 2.8.3 :-) samt widget f\u00fcr&#39;s men\u00fc (http:\/\/www.konstantin-goerlich.de) # Meine Tasse darf kein kaffeefreier Raum sein! # &quot;Gl\u00fcckwunsch, u-asta. Harmonie l\u00e4sst gut schlafen.&quot; Prof. Hefendehl kritisiert K\u00fcrzungsbeteiligung: http:\/\/tr.im\/wcO0 Und womit? Mit Recht. # der twitterclient #nambu benutzt immernoch den eingestellten url-shortener #tr.im &#8230; #trim &#8230; #fail # #spieleabend endete mit &#8230; <\/p>\n<p class=\"read-more-container\"><a title=\"Die vergangene Woche bei Twitter. (2009-08-17)\" class=\"read-more button\" href=\"https:\/\/www.konstantin-goerlich.de\/wordpress\/2009\/08\/17\/die-vergangene-woche-bei-twitter-2009-08-17\/#more-542\" aria-label=\"Mehr Informationen \u00fcber Die vergangene Woche bei Twitter. (2009-08-17)\">weiterlesen<\/a><\/p>\n","protected":false},"author":1,"featured_media":0,"comment_status":"open","ping_status":"open","sticky":false,"template":"","format":"standard","meta":{"footnotes":""},"categories":[1],"tags":[],"_links":{"self":[{"href":"https:\/\/www.konstantin-goerlich.de\/wordpress\/wp-json\/wp\/v2\/posts\/542"}],"collection":[{"href":"https:\/\/www.konstantin-goerlich.de\/wordpress\/wp-json\/wp\/v2\/posts"}],"about":[{"href":"https:\/\/www.konstantin-goerlich.de\/wordpress\/wp-json\/wp\/v2\/types\/post"}],"author":[{"embeddable":true,"href":"https:\/\/www.konstantin-goerlich.de\/wordpress\/wp-json\/wp\/v2\/users\/1"}],"replies":[{"embeddable":true,"href":"https:\/\/www.konstantin-goerlich.de\/wordpress\/wp-json\/wp\/v2\/comments?post=542"}],"version-history":[{"count":0,"href":"https:\/\/www.konstantin-goerlich.de\/wordpress\/wp-json\/wp\/v2\/posts\/542\/revisions"}],"wp:attachment":[{"href":"https:\/\/www.konstantin-goerlich.de\/wordpress\/wp-json\/wp\/v2\/media?parent=542"}],"wp:term":[{"taxonomy":"category","embeddable":true,"href":"https:\/\/www.konstantin-goerlich.de\/wordpress\/wp-json\/wp\/v2\/categories?post=542"},{"taxonomy":"post_tag","embeddable":true,"href":"https:\/\/www.konstantin-goerlich.de\/wordpress\/wp-json\/wp\/v2\/tags?post=542"}],"curies":[{"name":"wp","href":"https:\/\/api.w.org\/{rel}","templated":true}]}}