{"id":523,"date":"2009-07-24T19:04:22","date_gmt":"2009-07-24T18:04:22","guid":{"rendered":"http:\/\/www.konstantin-goerlich.de\/wordpress\/?p=523"},"modified":"2009-07-24T19:04:22","modified_gmt":"2009-07-24T18:04:22","slug":"gaf-bleibt-im-gemeinderat-unabhangig","status":"publish","type":"post","link":"https:\/\/www.konstantin-goerlich.de\/wordpress\/2009\/07\/24\/gaf-bleibt-im-gemeinderat-unabhangig\/","title":{"rendered":"GAF bleibt im Gemeinderat unabh\u00e4ngig."},"content":{"rendered":"<p>In der Mitgliederversammlung vom 23. Juli 2009 beschloss die Gr\u00fcne Alternative Freiburg (GAF) einstimmig, im Gemeinderat unabh\u00e4ngig zu bleiben und sich keiner Fraktionsgemeinschaft anzuschlie\u00dfen. Die Gespr\u00e4che mit allen Gruppierungen seien sehr konstruktiv gewesen, man sehe eine sehr gute Grundlage f\u00fcr eine enge und vertrauensvolle Zusammenarbeit sowohl mit den Unabh\u00e4ngigen Frauen als auch KULT, LisST und Junges Freiburg. Mit allen weiteren Gemeinderatsfraktionen erwarte man ebenfalls eine konstruktive Zusammenarbeit.<\/p>\n<p>Die \u00a0Stadtr\u00e4tInnen der GAF,\u00a0Monika Stein und Coinneach McCabe, geh\u00f6ren damit als einzige nicht einer Fraktion oder Fraktionsgemeinschaft an.<\/p>\n","protected":false},"excerpt":{"rendered":"<p>In der Mitgliederversammlung vom 23. Juli 2009 beschloss die Gr\u00fcne Alternative Freiburg (GAF) einstimmig, im Gemeinderat unabh\u00e4ngig zu bleiben und sich keiner Fraktionsgemeinschaft anzuschlie\u00dfen. Die Gespr\u00e4che mit allen Gruppierungen seien sehr konstruktiv gewesen, man sehe eine sehr gute Grundlage f\u00fcr eine enge und vertrauensvolle Zusammenarbeit sowohl mit den Unabh\u00e4ngigen Frauen als auch KULT, LisST und &#8230; <\/p>\n<p class=\"read-more-container\"><a title=\"GAF bleibt im Gemeinderat unabh\u00e4ngig.\" class=\"read-more button\" href=\"https:\/\/www.konstantin-goerlich.de\/wordpress\/2009\/07\/24\/gaf-bleibt-im-gemeinderat-unabhangig\/#more-523\" aria-label=\"Mehr Informationen \u00fcber GAF bleibt im Gemeinderat unabh\u00e4ngig.\">weiterlesen<\/a><\/p>\n","protected":false},"author":1,"featured_media":0,"comment_status":"open","ping_status":"open","sticky":false,"template":"","format":"standard","meta":{"footnotes":""},"categories":[1],"tags":[],"_links":{"self":[{"href":"https:\/\/www.konstantin-goerlich.de\/wordpress\/wp-json\/wp\/v2\/posts\/523"}],"collection":[{"href":"https:\/\/www.konstantin-goerlich.de\/wordpress\/wp-json\/wp\/v2\/posts"}],"about":[{"href":"https:\/\/www.konstantin-goerlich.de\/wordpress\/wp-json\/wp\/v2\/types\/post"}],"author":[{"embeddable":true,"href":"https:\/\/www.konstantin-goerlich.de\/wordpress\/wp-json\/wp\/v2\/users\/1"}],"replies":[{"embeddable":true,"href":"https:\/\/www.konstantin-goerlich.de\/wordpress\/wp-json\/wp\/v2\/comments?post=523"}],"version-history":[{"count":1,"href":"https:\/\/www.konstantin-goerlich.de\/wordpress\/wp-json\/wp\/v2\/posts\/523\/revisions"}],"predecessor-version":[{"id":524,"href":"https:\/\/www.konstantin-goerlich.de\/wordpress\/wp-json\/wp\/v2\/posts\/523\/revisions\/524"}],"wp:attachment":[{"href":"https:\/\/www.konstantin-goerlich.de\/wordpress\/wp-json\/wp\/v2\/media?parent=523"}],"wp:term":[{"taxonomy":"category","embeddable":true,"href":"https:\/\/www.konstantin-goerlich.de\/wordpress\/wp-json\/wp\/v2\/categories?post=523"},{"taxonomy":"post_tag","embeddable":true,"href":"https:\/\/www.konstantin-goerlich.de\/wordpress\/wp-json\/wp\/v2\/tags?post=523"}],"curies":[{"name":"wp","href":"https:\/\/api.w.org\/{rel}","templated":true}]}}