{"id":521,"date":"2009-07-06T08:00:00","date_gmt":"2009-07-06T06:00:00","guid":{"rendered":"http:\/\/www.konstantin-goerlich.de\/wordpress\/2009\/07\/06\/die-vergangene-woche-bei-twitter-8\/"},"modified":"2009-07-06T08:00:00","modified_gmt":"2009-07-06T06:00:00","slug":"die-vergangene-woche-bei-twitter-8","status":"publish","type":"post","link":"https:\/\/www.konstantin-goerlich.de\/wordpress\/2009\/07\/06\/die-vergangene-woche-bei-twitter-8\/","title":{"rendered":"Die vergangene Woche bei Twitter."},"content":{"rendered":"<ul class=\"aktt_tweet_digest\">\n<li>RT @th_d: Kommentar eines Kollegen zum &#8222;Sozen-Bashing&#8220;: &#8222;Ich frage mich, ob das inzwischen nicht unter &#8218;St\u00f6rung der Totenruhe&#8216; f\u00e4llt&#8220; <a href=\"http:\/\/twitter.com\/th_d\/statuses\/2385556045\">in reply to th_d<\/a> <a href=\"http:\/\/twitter.com\/konstantin_frbg\/statuses\/2385632985\">#<\/a><\/li>\n<li>@<a href=\"http:\/\/twitter.com\/DVaulont\">DVaulont<\/a> ist unsere mensawiese nicht schon wieder f\u00fcr irgendwelche filmfestspiele abgesperrt? k\u00f6nnte damit zusammenh\u00e4ngen. <a href=\"http:\/\/twitter.com\/DVaulont\/statuses\/2390842215\">in reply to DVaulont<\/a> <a href=\"http:\/\/twitter.com\/konstantin_frbg\/statuses\/2391658787\">#<\/a><\/li>\n<li>@<a href=\"http:\/\/twitter.com\/udovetter\">udovetter<\/a> gesunder menschenverstand. ok, ist nicht juristisch, aber trotzdem. <a href=\"http:\/\/twitter.com\/udovetter\/statuses\/2394277996\">in reply to udovetter<\/a> <a href=\"http:\/\/twitter.com\/konstantin_frbg\/statuses\/2394357399\">#<\/a><\/li>\n<li>#wums! blitzeinschlag in #<a href=\"http:\/\/search.twitter.com\/search?q=%23freiburg\">freiburg<\/a> innenstadt, bereich niemensstra\u00dfe irgendwo. hat etliche leute ziemlich erschreckt. jetzt bitte regen :-) <a href=\"http:\/\/twitter.com\/konstantin_frbg\/statuses\/2403722462\">#<\/a><\/li>\n<li>grad noch rechtzeitig (heute letzter tag der frist) die r\u00fcckmeldung zum wintersemester vollzogen. zum gl\u00fcck geht das online. #<a href=\"http:\/\/search.twitter.com\/search?q=%23uni\">uni<\/a> #<a href=\"http:\/\/search.twitter.com\/search?q=%23freiburg\">freiburg<\/a> <a href=\"http:\/\/twitter.com\/konstantin_frbg\/statuses\/2404425279\">#<\/a><\/li>\n<li>RT @th_d: BZ: &#8222;&#8230;gehen ohnehin alle davon aus, dass die CDU [niemand eigenes] ins OB-Rennen schickt.&#8220; Amtsinhaber schwarz genug? #<a href=\"http:\/\/search.twitter.com\/search?q=%23freiburg\">freiburg<\/a> <a href=\"http:\/\/twitter.com\/th_d\/statuses\/2417903724\">in reply to th_d<\/a> <a href=\"http:\/\/twitter.com\/konstantin_frbg\/statuses\/2418866904\">#<\/a><\/li>\n<li>@<a href=\"http:\/\/twitter.com\/_tillwe_\">_tillwe_<\/a> gestern waren die wolken aber viel grauer und der regen war nicht so stark wie jetzt (u.wiehre-s\u00fcd) #<a href=\"http:\/\/search.twitter.com\/search?q=%23freiburg\">freiburg<\/a> #<a href=\"http:\/\/search.twitter.com\/search?q=%23wetter\">wetter<\/a> <a href=\"http:\/\/twitter.com\/_tillwe_\/statuses\/2419572839\">in reply to _tillwe_<\/a> <a href=\"http:\/\/twitter.com\/konstantin_frbg\/statuses\/2419746975\">#<\/a><\/li>\n<li>RT @sixtus: Entw. DPA oder SpOn halten sich nicht an CC-Lizenz. Dieses Bild <a href=\"http:\/\/u.nu\/2jgg\" rel=\"nofollow\">http:\/\/u.nu\/2jgg<\/a> ist eindeutig dieser Herkunft <a href=\"http:\/\/u.nu\/2n7e\" rel=\"nofollow\">http:\/\/u.nu\/2n7e<\/a> <a href=\"http:\/\/twitter.com\/sixtus\/statuses\/2438177023\">in reply to sixtus<\/a> <a href=\"http:\/\/twitter.com\/konstantin_frbg\/statuses\/2438309335\">#<\/a><\/li>\n<li>@<a href=\"http:\/\/twitter.com\/stadtreporter\">stadtreporter<\/a> naja, solange er dann nicht OB wird &#8230; <a href=\"http:\/\/twitter.com\/stadtreporter\/statuses\/2439698724\">in reply to stadtreporter<\/a> <a href=\"http:\/\/twitter.com\/konstantin_frbg\/statuses\/2439865857\">#<\/a><\/li>\n<li>RT @saschalobo: &#8222;Drei Dinge, die ich schlechter kann als andere: 1) Kopfstand. 2) Z\u00e4hlen.&#8220; <a href=\"http:\/\/twitter.com\/saschalobo\/statuses\/2452776513\">in reply to saschalobo<\/a> <a href=\"http:\/\/twitter.com\/konstantin_frbg\/statuses\/2452887917\">#<\/a><\/li>\n<li>schon nach 14 uhr und immernoch kein unwetter. wo es wohl bleibt? #<a href=\"http:\/\/search.twitter.com\/search?q=%23wetter\">wetter<\/a> #<a href=\"http:\/\/search.twitter.com\/search?q=%23freiburg\">freiburg<\/a> #<a href=\"http:\/\/search.twitter.com\/search?q=%23fail\">fail<\/a> <a href=\"http:\/\/twitter.com\/konstantin_frbg\/statuses\/2452956708\">#<\/a><\/li>\n<li>Der Studivertretung steht das Wasser bis zum Hals: Dach im u-asta undicht, Keller von mehreren Seiten vollgelaufen. #<a href=\"http:\/\/search.twitter.com\/search?q=%23unwetter\">unwetter<\/a> #<a href=\"http:\/\/search.twitter.com\/search?q=%23freiburg\">freiburg<\/a> <a href=\"http:\/\/twitter.com\/konstantin_frbg\/statuses\/2454762727\">#<\/a><\/li>\n<li>sch\u00f6ner wochen- und tagesausklang im feierling biergarten. soger noch ein paar pl\u00e4tze frei. und jede menge bio-bier :-) #<a href=\"http:\/\/search.twitter.com\/search?q=%23freiburg\">freiburg<\/a> <a href=\"http:\/\/twitter.com\/konstantin_frbg\/statuses\/2472938491\">#<\/a><\/li>\n<li>Ich habe ein Eis :-) <a href=\"http:\/\/twitter.com\/konstantin_frbg\/statuses\/2483046254\">#<\/a><\/li>\n<\/ul>\n","protected":false},"excerpt":{"rendered":"<p>RT @th_d: Kommentar eines Kollegen zum &#8222;Sozen-Bashing&#8220;: &#8222;Ich frage mich, ob das inzwischen nicht unter &#8218;St\u00f6rung der Totenruhe&#8216; f\u00e4llt&#8220; in reply to th_d # @DVaulont ist unsere mensawiese nicht schon wieder f\u00fcr irgendwelche filmfestspiele abgesperrt? k\u00f6nnte damit zusammenh\u00e4ngen. in reply to DVaulont # @udovetter gesunder menschenverstand. ok, ist nicht juristisch, aber trotzdem. in reply to &#8230; <\/p>\n<p class=\"read-more-container\"><a title=\"Die vergangene Woche bei Twitter.\" class=\"read-more button\" href=\"https:\/\/www.konstantin-goerlich.de\/wordpress\/2009\/07\/06\/die-vergangene-woche-bei-twitter-8\/#more-521\" aria-label=\"Mehr Informationen \u00fcber Die vergangene Woche bei Twitter.\">weiterlesen<\/a><\/p>\n","protected":false},"author":1,"featured_media":0,"comment_status":"open","ping_status":"open","sticky":false,"template":"","format":"standard","meta":{"footnotes":""},"categories":[1],"tags":[],"_links":{"self":[{"href":"https:\/\/www.konstantin-goerlich.de\/wordpress\/wp-json\/wp\/v2\/posts\/521"}],"collection":[{"href":"https:\/\/www.konstantin-goerlich.de\/wordpress\/wp-json\/wp\/v2\/posts"}],"about":[{"href":"https:\/\/www.konstantin-goerlich.de\/wordpress\/wp-json\/wp\/v2\/types\/post"}],"author":[{"embeddable":true,"href":"https:\/\/www.konstantin-goerlich.de\/wordpress\/wp-json\/wp\/v2\/users\/1"}],"replies":[{"embeddable":true,"href":"https:\/\/www.konstantin-goerlich.de\/wordpress\/wp-json\/wp\/v2\/comments?post=521"}],"version-history":[{"count":0,"href":"https:\/\/www.konstantin-goerlich.de\/wordpress\/wp-json\/wp\/v2\/posts\/521\/revisions"}],"wp:attachment":[{"href":"https:\/\/www.konstantin-goerlich.de\/wordpress\/wp-json\/wp\/v2\/media?parent=521"}],"wp:term":[{"taxonomy":"category","embeddable":true,"href":"https:\/\/www.konstantin-goerlich.de\/wordpress\/wp-json\/wp\/v2\/categories?post=521"},{"taxonomy":"post_tag","embeddable":true,"href":"https:\/\/www.konstantin-goerlich.de\/wordpress\/wp-json\/wp\/v2\/tags?post=521"}],"curies":[{"name":"wp","href":"https:\/\/api.w.org\/{rel}","templated":true}]}}