{"id":515,"date":"2009-06-14T18:40:22","date_gmt":"2009-06-14T16:40:22","guid":{"rendered":"http:\/\/www.konstantin-goerlich.de\/wordpress\/?p=515"},"modified":"2009-06-14T18:40:22","modified_gmt":"2009-06-14T16:40:22","slug":"u-asta-will-mehr-als-zweidrittelmehrheit","status":"publish","type":"post","link":"https:\/\/www.konstantin-goerlich.de\/wordpress\/2009\/06\/14\/u-asta-will-mehr-als-zweidrittelmehrheit\/","title":{"rendered":"u-asta will mehr als Zweidrittelmehrheit."},"content":{"rendered":"<p>Am Dienstag, den 23. Juni 2009, werden die studentischen Mitglieder des Senats, der Fakult\u00e4tsr\u00e4te sowie des Allgemeinen Studierendenausschusses (AStA) gew\u00e4hlt.\u00a0Alle eingeschriebenen Studierenden haben zwischen 9 und 18 Uhr die M\u00f6glichkeit unter Vorlage ihres Studierendenausweises im Wahlraum ihrer Wahlfakult\u00e4t mit ihren Stimmen die Zukunft der Politik der offiziellen und unabh\u00e4ngigen Studierendenvertretung zu beeinflussen. Informationen zu den antretenden Listen, den Wahlr\u00e4umen und den Ergebnissen der Wahlen in den vergangenen Jahren findet Ihr unter\u00a0<a href=\"http:\/\/www.u-asta.de\/politik\/uniwahlen\">www.u-asta.de\/politik\/uniwahlen<\/a>.<\/p>\n<p>Insgesamt treten f\u00fcnf Listen zu den AStA-\/Senatswahlen an. Gleich mit zwei Listen tritt das B\u00fcndnis f\u00fcr u-asta und u-Fachschaften (buf) an. Nur bei einer absoluten Mehrheit der buf-Listen kann sich der basisdemokratische u-asta als unabh\u00e4ngige Studierendenvertretung auch zuk\u00fcnftig f\u00fcr die politischen und sozialen Belange der Studierenden einsetzen. Ein solches unabh\u00e4ngiges Modell ist notwendig, da den offiziellen ASten in Baden-W\u00fcrttemberg seit 30 Jahren die (hochschul-)politische Meinungs\u00e4u\u00dferung untersagt wird.<\/p>\n<p>Im letzten Jahr erreichten buf a und buf b zusammen fast zwei Drittel der Stimmen und erhielten so 3 von 4 Senatspl\u00e4tzen und 10 von 15 Sitzen im AStA. &#8222;Wir sind sehr optimistisch, dass wir unser Ergebnis am Dienstag verbessern werden&#8220;, meint Daniel Miehe, Vorstand des Unabh\u00e4ngigen Allgemeinen Studierendenausschusses (u-asta), der Studierendenvertretung an der Universit\u00e4t Freiburg. &#8222;Wir hoffen, dass in diesem Jahr mehr Studierende ihre M\u00f6glichkeit zur Wahl wahrnehmen werden&#8220;, erg\u00e4nzt Albrecht Vorster, ebenfalls Vorstand des u-asta.<\/p>\n","protected":false},"excerpt":{"rendered":"<p>Am Dienstag, den 23. Juni 2009, werden die studentischen Mitglieder des Senats, der Fakult\u00e4tsr\u00e4te sowie des Allgemeinen Studierendenausschusses (AStA) gew\u00e4hlt.\u00a0Alle eingeschriebenen Studierenden haben zwischen 9 und 18 Uhr die M\u00f6glichkeit unter Vorlage ihres Studierendenausweises im Wahlraum ihrer Wahlfakult\u00e4t mit ihren Stimmen die Zukunft der Politik der offiziellen und unabh\u00e4ngigen Studierendenvertretung zu beeinflussen. Informationen zu den &#8230; <\/p>\n<p class=\"read-more-container\"><a title=\"u-asta will mehr als Zweidrittelmehrheit.\" class=\"read-more button\" href=\"https:\/\/www.konstantin-goerlich.de\/wordpress\/2009\/06\/14\/u-asta-will-mehr-als-zweidrittelmehrheit\/#more-515\" aria-label=\"Mehr Informationen \u00fcber u-asta will mehr als Zweidrittelmehrheit.\">weiterlesen<\/a><\/p>\n","protected":false},"author":1,"featured_media":0,"comment_status":"open","ping_status":"open","sticky":false,"template":"","format":"standard","meta":{"footnotes":""},"categories":[1],"tags":[],"_links":{"self":[{"href":"https:\/\/www.konstantin-goerlich.de\/wordpress\/wp-json\/wp\/v2\/posts\/515"}],"collection":[{"href":"https:\/\/www.konstantin-goerlich.de\/wordpress\/wp-json\/wp\/v2\/posts"}],"about":[{"href":"https:\/\/www.konstantin-goerlich.de\/wordpress\/wp-json\/wp\/v2\/types\/post"}],"author":[{"embeddable":true,"href":"https:\/\/www.konstantin-goerlich.de\/wordpress\/wp-json\/wp\/v2\/users\/1"}],"replies":[{"embeddable":true,"href":"https:\/\/www.konstantin-goerlich.de\/wordpress\/wp-json\/wp\/v2\/comments?post=515"}],"version-history":[{"count":1,"href":"https:\/\/www.konstantin-goerlich.de\/wordpress\/wp-json\/wp\/v2\/posts\/515\/revisions"}],"predecessor-version":[{"id":516,"href":"https:\/\/www.konstantin-goerlich.de\/wordpress\/wp-json\/wp\/v2\/posts\/515\/revisions\/516"}],"wp:attachment":[{"href":"https:\/\/www.konstantin-goerlich.de\/wordpress\/wp-json\/wp\/v2\/media?parent=515"}],"wp:term":[{"taxonomy":"category","embeddable":true,"href":"https:\/\/www.konstantin-goerlich.de\/wordpress\/wp-json\/wp\/v2\/categories?post=515"},{"taxonomy":"post_tag","embeddable":true,"href":"https:\/\/www.konstantin-goerlich.de\/wordpress\/wp-json\/wp\/v2\/tags?post=515"}],"curies":[{"name":"wp","href":"https:\/\/api.w.org\/{rel}","templated":true}]}}