{"id":503,"date":"2009-06-02T12:43:20","date_gmt":"2009-06-02T10:43:20","guid":{"rendered":"http:\/\/www.konstantin-goerlich.de\/wordpress\/?p=503"},"modified":"2009-06-02T12:55:53","modified_gmt":"2009-06-02T10:55:53","slug":"uniwahl-2009-die-asta-listen","status":"publish","type":"post","link":"https:\/\/www.konstantin-goerlich.de\/wordpress\/2009\/06\/02\/uniwahl-2009-die-asta-listen\/","title":{"rendered":"Uniwahl 2009: Die AStA-Listen."},"content":{"rendered":"<p>Wie vorhin ja schon via Twitter <a href=\"http:\/\/twitter.com\/konstantin_frbg\/status\/2001684952\">vermeldet<\/a>: Die Listen zur Senats- (und AStA-) Wahl 2009. Das ganze ist nur &#8222;quasi&#8220; amtlich, zwar bereits vom Wahlausschu\u00df beschlossen, aber eben noch nicht amtlich bekanntgemacht, daher ohne Gew\u00e4hr. Jeweils mit den jeweils ersten 3 Kandidierenden (tippfaul&#8230;).\u00a0DieLinke.SDS sch\u00f6pft als einzige Liste nicht die maximalen 12 Kandidierenden aus sondern geht nur zu siebt ins Rennen, die Liberale Hochschulgruppe nimmt sich die Freiheit, gleich gar nicht anzutreten.<\/p>\n<blockquote><p>Liste 1: Juso-Hochschulgruppe Freiburg<br \/>\n1. Bohlen, Julia (mathe\/gesch)<br \/>\n2. Jehser, Daniel (jur)<br \/>\n3. Geppert, Eva Maria (med)<\/p>\n<p>Liste 2: buf &#8211; a<br \/>\n1. Miehe, Daniel (gesch\/euro ethno)<br \/>\n2. Schindler, Lisa (chem)<br \/>\n3. Bischof, Lukas (psych)<\/p>\n<p>Liste 3: buf &#8211; b<br \/>\n1. Oster, Lisa (jur\/pol\/gesch)<br \/>\n2. Ehrhardt, Uwe (gesch\/pol)<br \/>\n3. Elixmann, Julia (jur)<\/p>\n<p>Liste 4: Die Linke. SDS (sozialistisch-demokratischer Studierendenverband)<br \/>\n1. Grimm, Nikolas (pol\/spanisch)<br \/>\n2. Danneck, Anna (germ)<br \/>\n3. Flaig, Kilian (pol\/gesch)<\/p>\n<p>Liste 5: RCDS &#8211; Die Christdemokraten<br \/>\n1. Rombach, Marius (vwl)<br \/>\n2. Solymosi, Judith (psych)<br \/>\n3. Schumacher, Michael (jur)<\/p><\/blockquote>\n<p>Bei den Fakult\u00e4tsr\u00e4ten gibt es ebenfalls kaum \u00dcberraschungen. An der juristischen Fakult\u00e4t treten wie gehabt der Arbeitskreis kritischer Juristinnen und Juristen (akj) und Ju\u00a7tu\u00a7 an, an der philologischen Fakult\u00e4t bewerben sich lediglich drei Studierende um die f\u00fcnf Sitze im Fakult\u00e4tsrat.<\/p>\n","protected":false},"excerpt":{"rendered":"<p>Wie vorhin ja schon via Twitter vermeldet: Die Listen zur Senats- (und AStA-) Wahl 2009. Das ganze ist nur &#8222;quasi&#8220; amtlich, zwar bereits vom Wahlausschu\u00df beschlossen, aber eben noch nicht amtlich bekanntgemacht, daher ohne Gew\u00e4hr. Jeweils mit den jeweils ersten 3 Kandidierenden (tippfaul&#8230;).\u00a0DieLinke.SDS sch\u00f6pft als einzige Liste nicht die maximalen 12 Kandidierenden aus sondern geht &#8230; <\/p>\n<p class=\"read-more-container\"><a title=\"Uniwahl 2009: Die AStA-Listen.\" class=\"read-more button\" href=\"https:\/\/www.konstantin-goerlich.de\/wordpress\/2009\/06\/02\/uniwahl-2009-die-asta-listen\/#more-503\" aria-label=\"Mehr Informationen \u00fcber Uniwahl 2009: Die AStA-Listen.\">weiterlesen<\/a><\/p>\n","protected":false},"author":1,"featured_media":0,"comment_status":"open","ping_status":"open","sticky":false,"template":"","format":"standard","meta":{"footnotes":""},"categories":[1],"tags":[],"_links":{"self":[{"href":"https:\/\/www.konstantin-goerlich.de\/wordpress\/wp-json\/wp\/v2\/posts\/503"}],"collection":[{"href":"https:\/\/www.konstantin-goerlich.de\/wordpress\/wp-json\/wp\/v2\/posts"}],"about":[{"href":"https:\/\/www.konstantin-goerlich.de\/wordpress\/wp-json\/wp\/v2\/types\/post"}],"author":[{"embeddable":true,"href":"https:\/\/www.konstantin-goerlich.de\/wordpress\/wp-json\/wp\/v2\/users\/1"}],"replies":[{"embeddable":true,"href":"https:\/\/www.konstantin-goerlich.de\/wordpress\/wp-json\/wp\/v2\/comments?post=503"}],"version-history":[{"count":2,"href":"https:\/\/www.konstantin-goerlich.de\/wordpress\/wp-json\/wp\/v2\/posts\/503\/revisions"}],"predecessor-version":[{"id":505,"href":"https:\/\/www.konstantin-goerlich.de\/wordpress\/wp-json\/wp\/v2\/posts\/503\/revisions\/505"}],"wp:attachment":[{"href":"https:\/\/www.konstantin-goerlich.de\/wordpress\/wp-json\/wp\/v2\/media?parent=503"}],"wp:term":[{"taxonomy":"category","embeddable":true,"href":"https:\/\/www.konstantin-goerlich.de\/wordpress\/wp-json\/wp\/v2\/categories?post=503"},{"taxonomy":"post_tag","embeddable":true,"href":"https:\/\/www.konstantin-goerlich.de\/wordpress\/wp-json\/wp\/v2\/tags?post=503"}],"curies":[{"name":"wp","href":"https:\/\/api.w.org\/{rel}","templated":true}]}}