{"id":501,"date":"2009-05-25T08:00:00","date_gmt":"2009-05-25T06:00:00","guid":{"rendered":"http:\/\/www.konstantin-goerlich.de\/wordpress\/2009\/05\/25\/die-vergangene-woche-bei-twitter-2\/"},"modified":"2009-05-25T08:00:00","modified_gmt":"2009-05-25T06:00:00","slug":"die-vergangene-woche-bei-twitter-2","status":"publish","type":"post","link":"https:\/\/www.konstantin-goerlich.de\/wordpress\/2009\/05\/25\/die-vergangene-woche-bei-twitter-2\/","title":{"rendered":"Die vergangene Woche bei Twitter."},"content":{"rendered":"<ul class=\"aktt_tweet_digest\">\n<li>@<a href=\"http:\/\/twitter.com\/JW_Fr\">JW_Fr<\/a> zumindest offiziell niemand vom u-asta, soviel ist wohl klar. vielleicht teil der web2.0-strategie der fs geschichte? <a href=\"http:\/\/twitter.com\/JW_Fr\/statuses\/1834888232\">in reply to JW_Fr<\/a> <a href=\"http:\/\/twitter.com\/konstantin_frbg\/statuses\/1835091291\">#<\/a><\/li>\n<li>RT @DVaulont: RT @gollionair: T-Mobile Tante sagt: In 4 Wochen kommt das neue iPhone &#8211; leider konnte\/wollte sie nichts zum Preis sagen. <a href=\"http:\/\/twitter.com\/konstantin_frbg\/statuses\/1859831760\">#<\/a><\/li>\n<li>immernoch krank sein ist immernoch doof. #<a href=\"http:\/\/search.twitter.com\/search?q=%23hust\">hust<\/a> #kr\u00e4chz <a href=\"http:\/\/twitter.com\/konstantin_frbg\/statuses\/1861962441\">#<\/a><\/li>\n<li>RT @_tillwe_:In Bezug auf den Kommunalwahlkampf in Freiburg frage ich mich ja manchmal, ob Parteien an &#8218;W\u00e4hlerverdrossenheit&#8216; leiden k\u00f6nnen. <a href=\"http:\/\/twitter.com\/konstantin_frbg\/statuses\/1870619917\">#<\/a><\/li>\n<li>RT @ju_les: bericht \u00fcber #zensursula: <a href=\"http:\/\/bit.ly\/epnPs\" rel=\"nofollow\">http:\/\/bit.ly\/epnPs<\/a> &#8211; sehenswert, gute, hintergr\u00fcndliche zusammenfassung! <a href=\"http:\/\/twitter.com\/konstantin_frbg\/statuses\/1871923856\">#<\/a><\/li>\n<li>@<a href=\"http:\/\/twitter.com\/stadtreporter\">stadtreporter<\/a> schon wieder? <a href=\"http:\/\/twitter.com\/stadtreporter\/statuses\/1882973056\">in reply to stadtreporter<\/a> <a href=\"http:\/\/twitter.com\/konstantin_frbg\/statuses\/1882997000\">#<\/a><\/li>\n<li>@<a href=\"http:\/\/twitter.com\/stadtreporter\">stadtreporter<\/a> dacht ich mir schon. krasse sache. so sichtbare nazis kenn ich eher aus meiner brandenburgischen heimat, hier nur ganz selten <a href=\"http:\/\/twitter.com\/stadtreporter\/statuses\/1883211186\">in reply to stadtreporter<\/a> <a href=\"http:\/\/twitter.com\/konstantin_frbg\/statuses\/1884274054\">#<\/a><\/li>\n<li>stabile 33 grad im schatten. s\u00fcdbalkon. zum gl\u00fcck kein schatten. #<a href=\"http:\/\/search.twitter.com\/search?q=%23wetter\">wetter<\/a> passt nicht zur abklingenden erk\u00e4ltung. <a href=\"http:\/\/twitter.com\/konstantin_frbg\/statuses\/1903472392\">#<\/a><\/li>\n<li>@<a href=\"http:\/\/twitter.com\/JW_Fr\">JW_Fr<\/a> h\u00f6llent\u00e4ler w\u00e4r nich schlecht, der hexent\u00e4ler is dann doch nich vollkommen vergleichbar ;-) (ps: bilder erst skalieren, dann posten) <a href=\"http:\/\/twitter.com\/JW_Fr\/statuses\/1906575050\">in reply to JW_Fr<\/a> <a href=\"http:\/\/twitter.com\/konstantin_frbg\/statuses\/1906831707\">#<\/a><\/li>\n<\/ul>\n","protected":false},"excerpt":{"rendered":"<p>@JW_Fr zumindest offiziell niemand vom u-asta, soviel ist wohl klar. vielleicht teil der web2.0-strategie der fs geschichte? in reply to JW_Fr # RT @DVaulont: RT @gollionair: T-Mobile Tante sagt: In 4 Wochen kommt das neue iPhone &#8211; leider konnte\/wollte sie nichts zum Preis sagen. # immernoch krank sein ist immernoch doof. #hust #kr\u00e4chz # RT &#8230; <\/p>\n<p class=\"read-more-container\"><a title=\"Die vergangene Woche bei Twitter.\" class=\"read-more button\" href=\"https:\/\/www.konstantin-goerlich.de\/wordpress\/2009\/05\/25\/die-vergangene-woche-bei-twitter-2\/#more-501\" aria-label=\"Mehr Informationen \u00fcber Die vergangene Woche bei Twitter.\">weiterlesen<\/a><\/p>\n","protected":false},"author":1,"featured_media":0,"comment_status":"open","ping_status":"open","sticky":false,"template":"","format":"standard","meta":{"footnotes":""},"categories":[1],"tags":[],"_links":{"self":[{"href":"https:\/\/www.konstantin-goerlich.de\/wordpress\/wp-json\/wp\/v2\/posts\/501"}],"collection":[{"href":"https:\/\/www.konstantin-goerlich.de\/wordpress\/wp-json\/wp\/v2\/posts"}],"about":[{"href":"https:\/\/www.konstantin-goerlich.de\/wordpress\/wp-json\/wp\/v2\/types\/post"}],"author":[{"embeddable":true,"href":"https:\/\/www.konstantin-goerlich.de\/wordpress\/wp-json\/wp\/v2\/users\/1"}],"replies":[{"embeddable":true,"href":"https:\/\/www.konstantin-goerlich.de\/wordpress\/wp-json\/wp\/v2\/comments?post=501"}],"version-history":[{"count":0,"href":"https:\/\/www.konstantin-goerlich.de\/wordpress\/wp-json\/wp\/v2\/posts\/501\/revisions"}],"wp:attachment":[{"href":"https:\/\/www.konstantin-goerlich.de\/wordpress\/wp-json\/wp\/v2\/media?parent=501"}],"wp:term":[{"taxonomy":"category","embeddable":true,"href":"https:\/\/www.konstantin-goerlich.de\/wordpress\/wp-json\/wp\/v2\/categories?post=501"},{"taxonomy":"post_tag","embeddable":true,"href":"https:\/\/www.konstantin-goerlich.de\/wordpress\/wp-json\/wp\/v2\/tags?post=501"}],"curies":[{"name":"wp","href":"https:\/\/api.w.org\/{rel}","templated":true}]}}