{"id":498,"date":"2009-05-18T08:00:00","date_gmt":"2009-05-18T06:00:00","guid":{"rendered":"http:\/\/www.konstantin-goerlich.de\/wordpress\/2009\/05\/18\/die-vergangene-woche-bei-twitter\/"},"modified":"2009-05-18T08:00:00","modified_gmt":"2009-05-18T06:00:00","slug":"die-vergangene-woche-bei-twitter","status":"publish","type":"post","link":"https:\/\/www.konstantin-goerlich.de\/wordpress\/2009\/05\/18\/die-vergangene-woche-bei-twitter\/","title":{"rendered":"Die vergangene Woche bei Twitter."},"content":{"rendered":"<ul class=\"aktt_tweet_digest\">\n<li>New blog post: Wunschliste gegen Politikverdrossenheit. <a href=\"http:\/\/bit.ly\/CEdCy\" rel=\"nofollow\">http:\/\/bit.ly\/CEdCy<\/a> <a href=\"http:\/\/twitter.com\/konstantin_frbg\/statuses\/1774183595\">#<\/a><\/li>\n<li>@<a href=\"http:\/\/twitter.com\/th_d\">th_d<\/a> in der tat. jetzt bleibt&#8217;s aber so ^^ <a href=\"http:\/\/twitter.com\/th_d\/statuses\/1774240207\">in reply to th_d<\/a> <a href=\"http:\/\/twitter.com\/konstantin_frbg\/statuses\/1774258318\">#<\/a><\/li>\n<li>Mittagsempfehlung f\u00fcr heute: Die K\u00e4ssp\u00e4tzle. Richtig gut, f\u00fcr freiburger Mensaverh\u00e4ltnisse geradezu spektakul\u00e4r. <a href=\"http:\/\/twitpic.com\/534bo\" rel=\"nofollow\">http:\/\/twitpic.com\/534bo<\/a> <a href=\"http:\/\/twitter.com\/konstantin_frbg\/statuses\/1783025693\">#<\/a><\/li>\n<li>Wahlkampfstand im Vauban aufbauen. Alfred-D\u00f6blin-Platz. Gleich geht&#8217;s los :-) #<a href=\"http:\/\/search.twitter.com\/search?q=%23gruene\">gruene<\/a> #<a href=\"http:\/\/search.twitter.com\/search?q=%23alternative\">alternative<\/a> #<a href=\"http:\/\/search.twitter.com\/search?q=%23freiburg\">freiburg<\/a> <a href=\"http:\/\/twitter.com\/konstantin_frbg\/statuses\/1783788286\">#<\/a><\/li>\n<li><a href=\"http:\/\/twitpic.com\/539kz\" rel=\"nofollow\">http:\/\/twitpic.com\/539kz<\/a> Wahlkampfstand auf dem Vauban-Markt steht. Zwischen Bio-K\u00e4se und Bio-Brot :-) #<a href=\"http:\/\/search.twitter.com\/search?q=%23gruene\">gruene<\/a> #<a href=\"http:\/\/search.twitter.com\/search?q=%23alternative\">alternative<\/a> #<a href=\"http:\/\/search.twitter.com\/search?q=%23freiburg\">freiburg<\/a> <a href=\"http:\/\/twitter.com\/konstantin_frbg\/statuses\/1784022106\">#<\/a><\/li>\n<li>@<a href=\"http:\/\/twitter.com\/ju_les\">ju_les<\/a> bin dem pl\u00f6tzl. wolkenbruch (18:00) bis auf 15 sprint-meter entgangen, trotzdem nass geworden. in st. georgen hats etwas gehagelt. <a href=\"http:\/\/twitter.com\/ju_les\/statuses\/1785789740\">in reply to ju_les<\/a> <a href=\"http:\/\/twitter.com\/konstantin_frbg\/statuses\/1786779921\">#<\/a><\/li>\n<li>@<a href=\"http:\/\/twitter.com\/sbamueller\">sbamueller<\/a> ich sag&#8217;s ja: JF und JU werden sich immer \u00e4hnlicher &#8230; <a href=\"http:\/\/twitter.com\/sbamueller\/statuses\/1804726222\">in reply to sbamueller<\/a> <a href=\"http:\/\/twitter.com\/konstantin_frbg\/statuses\/1804831690\">#<\/a><\/li>\n<li>B90Gr\u00fcne nicht bei RDL dabei: &#8222;Mit und gegen die KandidatInnen der Gr\u00fcne Alternative diskutieren wir nicht.&#8220; <a href=\"http:\/\/tr.im\/lqbv\" rel=\"nofollow\">http:\/\/tr.im\/lqbv<\/a> #<a href=\"http:\/\/search.twitter.com\/search?q=%23kindergarten\">kindergarten<\/a> <a href=\"http:\/\/twitter.com\/konstantin_frbg\/statuses\/1804998178\">#<\/a><\/li>\n<li>Pressemitteilung der GAF zur irrationalen Gespr\u00e4chsverweigerung der Salomongr\u00fcnen: <a href=\"http:\/\/tinyurl.com\/p5sfdq\" rel=\"nofollow\">http:\/\/tinyurl.com\/p5sfdq<\/a> #<a href=\"http:\/\/search.twitter.com\/search?q=%23gruene\">gruene<\/a> #<a href=\"http:\/\/search.twitter.com\/search?q=%23alternative\">alternative<\/a> #<a href=\"http:\/\/search.twitter.com\/search?q=%23freiburg\">freiburg<\/a> <a href=\"http:\/\/twitter.com\/konstantin_frbg\/statuses\/1807046205\">#<\/a><\/li>\n<li>erk\u00e4ltet sein ist doof <a href=\"http:\/\/twitter.com\/konstantin_frbg\/statuses\/1818029987\">#<\/a><\/li>\n<li>RT @_tillwe_: Lese gerade in der Bad. Zeitung online, dass es eine neue Hausbesetzung in #<a href=\"http:\/\/search.twitter.com\/search?q=%23Freiburg\">Freiburg<\/a> gibt &#8211; mit Blog: <a href=\"http:\/\/tr.im\/lAtf\" rel=\"nofollow\">http:\/\/tr.im\/lAtf<\/a> <a href=\"http:\/\/twitter.com\/konstantin_frbg\/statuses\/1826840248\">#<\/a><\/li>\n<\/ul>\n","protected":false},"excerpt":{"rendered":"<p>New blog post: Wunschliste gegen Politikverdrossenheit. http:\/\/bit.ly\/CEdCy # @th_d in der tat. jetzt bleibt&#8217;s aber so ^^ in reply to th_d # Mittagsempfehlung f\u00fcr heute: Die K\u00e4ssp\u00e4tzle. Richtig gut, f\u00fcr freiburger Mensaverh\u00e4ltnisse geradezu spektakul\u00e4r. http:\/\/twitpic.com\/534bo # Wahlkampfstand im Vauban aufbauen. Alfred-D\u00f6blin-Platz. Gleich geht&#8217;s los :-) #gruene #alternative #freiburg # http:\/\/twitpic.com\/539kz Wahlkampfstand auf dem Vauban-Markt steht. &#8230; <\/p>\n<p class=\"read-more-container\"><a title=\"Die vergangene Woche bei Twitter.\" class=\"read-more button\" href=\"https:\/\/www.konstantin-goerlich.de\/wordpress\/2009\/05\/18\/die-vergangene-woche-bei-twitter\/#more-498\" aria-label=\"Mehr Informationen \u00fcber Die vergangene Woche bei Twitter.\">weiterlesen<\/a><\/p>\n","protected":false},"author":1,"featured_media":0,"comment_status":"open","ping_status":"open","sticky":false,"template":"","format":"standard","meta":{"footnotes":""},"categories":[1],"tags":[],"_links":{"self":[{"href":"https:\/\/www.konstantin-goerlich.de\/wordpress\/wp-json\/wp\/v2\/posts\/498"}],"collection":[{"href":"https:\/\/www.konstantin-goerlich.de\/wordpress\/wp-json\/wp\/v2\/posts"}],"about":[{"href":"https:\/\/www.konstantin-goerlich.de\/wordpress\/wp-json\/wp\/v2\/types\/post"}],"author":[{"embeddable":true,"href":"https:\/\/www.konstantin-goerlich.de\/wordpress\/wp-json\/wp\/v2\/users\/1"}],"replies":[{"embeddable":true,"href":"https:\/\/www.konstantin-goerlich.de\/wordpress\/wp-json\/wp\/v2\/comments?post=498"}],"version-history":[{"count":0,"href":"https:\/\/www.konstantin-goerlich.de\/wordpress\/wp-json\/wp\/v2\/posts\/498\/revisions"}],"wp:attachment":[{"href":"https:\/\/www.konstantin-goerlich.de\/wordpress\/wp-json\/wp\/v2\/media?parent=498"}],"wp:term":[{"taxonomy":"category","embeddable":true,"href":"https:\/\/www.konstantin-goerlich.de\/wordpress\/wp-json\/wp\/v2\/categories?post=498"},{"taxonomy":"post_tag","embeddable":true,"href":"https:\/\/www.konstantin-goerlich.de\/wordpress\/wp-json\/wp\/v2\/tags?post=498"}],"curies":[{"name":"wp","href":"https:\/\/api.w.org\/{rel}","templated":true}]}}