{"id":473,"date":"2009-03-30T15:31:57","date_gmt":"2009-03-30T13:31:57","guid":{"rendered":"http:\/\/www.konstantin-goerlich.de\/wordpress\/?p=473"},"modified":"2009-03-30T15:31:57","modified_gmt":"2009-03-30T13:31:57","slug":"macht-vs-demonstration","status":"publish","type":"post","link":"https:\/\/www.konstantin-goerlich.de\/wordpress\/2009\/03\/30\/macht-vs-demonstration\/","title":{"rendered":"Macht vs. Demonstration."},"content":{"rendered":"<p>Heute ist es also soweit: Der 30. M\u00e4rz ist da, und Freiburg fiebert sich vollautomatisch in den Ausnahmezustand. Die Frage, die einige umzutreiben scheint, ist: Kommt es zu der von Polizei und Presse teils bef\u00fcrchteten, teils herbeigeschriebenen Gewalt? Erfahrungsgem\u00e4\u00df ist Gegenteiliges nicht nur zu hoffen sondern auch zu erwarten. Aber was sind schon Erfahrungen gegen den technisch ganz witzigen interaktiven <a href=\"http:\/\/fudder.de\/index.php?id=163&amp;tx_ttnews%5Btt_news%5D=10817\">Liveticker<\/a> bei fudder?<\/p>\n<p>Grund genug also, sich vom massivem Polizeiaufgebot nicht ver\u00e4ngstigen zu lassen und sich selbst ein Bild zu machen. Wie ja bereits angek\u00fcndigt hat es f\u00fcr ein Demobeobachtungsteam vom <a href=\"http:\/\/akj-freiburg.de\/\">akj<\/a> ferienbedingt leider nicht gereicht. F\u00fcr unabh\u00e4ngige Berichterstattung d\u00fcrfte aber dennoch gesorgt sein, das Medieninteresse scheint riesig zu sein. Vielleicht schreibt ja die Breitseite vom akj hinterher etwas? Au\u00dferdem gibt es ja auch <a href=\"http:\/\/twitter.com\/konstantin_frbg\/\">Twitter<\/a> &#8230; ;-)<\/p>\n","protected":false},"excerpt":{"rendered":"<p>Heute ist es also soweit: Der 30. M\u00e4rz ist da, und Freiburg fiebert sich vollautomatisch in den Ausnahmezustand. Die Frage, die einige umzutreiben scheint, ist: Kommt es zu der von Polizei und Presse teils bef\u00fcrchteten, teils herbeigeschriebenen Gewalt? Erfahrungsgem\u00e4\u00df ist Gegenteiliges nicht nur zu hoffen sondern auch zu erwarten. Aber was sind schon Erfahrungen gegen &#8230; <\/p>\n<p class=\"read-more-container\"><a title=\"Macht vs. Demonstration.\" class=\"read-more button\" href=\"https:\/\/www.konstantin-goerlich.de\/wordpress\/2009\/03\/30\/macht-vs-demonstration\/#more-473\" aria-label=\"Mehr Informationen \u00fcber Macht vs. Demonstration.\">weiterlesen<\/a><\/p>\n","protected":false},"author":1,"featured_media":0,"comment_status":"open","ping_status":"open","sticky":false,"template":"","format":"standard","meta":{"footnotes":""},"categories":[1],"tags":[],"_links":{"self":[{"href":"https:\/\/www.konstantin-goerlich.de\/wordpress\/wp-json\/wp\/v2\/posts\/473"}],"collection":[{"href":"https:\/\/www.konstantin-goerlich.de\/wordpress\/wp-json\/wp\/v2\/posts"}],"about":[{"href":"https:\/\/www.konstantin-goerlich.de\/wordpress\/wp-json\/wp\/v2\/types\/post"}],"author":[{"embeddable":true,"href":"https:\/\/www.konstantin-goerlich.de\/wordpress\/wp-json\/wp\/v2\/users\/1"}],"replies":[{"embeddable":true,"href":"https:\/\/www.konstantin-goerlich.de\/wordpress\/wp-json\/wp\/v2\/comments?post=473"}],"version-history":[{"count":1,"href":"https:\/\/www.konstantin-goerlich.de\/wordpress\/wp-json\/wp\/v2\/posts\/473\/revisions"}],"predecessor-version":[{"id":474,"href":"https:\/\/www.konstantin-goerlich.de\/wordpress\/wp-json\/wp\/v2\/posts\/473\/revisions\/474"}],"wp:attachment":[{"href":"https:\/\/www.konstantin-goerlich.de\/wordpress\/wp-json\/wp\/v2\/media?parent=473"}],"wp:term":[{"taxonomy":"category","embeddable":true,"href":"https:\/\/www.konstantin-goerlich.de\/wordpress\/wp-json\/wp\/v2\/categories?post=473"},{"taxonomy":"post_tag","embeddable":true,"href":"https:\/\/www.konstantin-goerlich.de\/wordpress\/wp-json\/wp\/v2\/tags?post=473"}],"curies":[{"name":"wp","href":"https:\/\/api.w.org\/{rel}","templated":true}]}}