{"id":468,"date":"2009-03-27T15:05:32","date_gmt":"2009-03-27T14:05:32","guid":{"rendered":"http:\/\/www.konstantin-goerlich.de\/wordpress\/?p=468"},"modified":"2009-03-27T15:05:32","modified_gmt":"2009-03-27T14:05:32","slug":"doch-nicht-platz-2","status":"publish","type":"post","link":"https:\/\/www.konstantin-goerlich.de\/wordpress\/2009\/03\/27\/doch-nicht-platz-2\/","title":{"rendered":"Doch nicht Platz 2."},"content":{"rendered":"<p>Manchmal kommt es anders, und dann oft auch noch als man denkt. Ich habe heute meinen R\u00fcckzug sowohl von Listenplatz 2 der GAF wie auch aus ihrem Vorstand erkl\u00e4rt. Und zwar aus pers\u00f6nlichen Gr\u00fcnden. Punkt.<br \/>\nMacht aber nix: Es war auch schon vorher eine Listenerg\u00e4nzungsversammlung f\u00fcr den 3.4. angesetzt, auf der es jetzt halt einfach etwas mehr zu erg\u00e4nzen gibt.<\/p>\n","protected":false},"excerpt":{"rendered":"<p>Manchmal kommt es anders, und dann oft auch noch als man denkt. Ich habe heute meinen R\u00fcckzug sowohl von Listenplatz 2 der GAF wie auch aus ihrem Vorstand erkl\u00e4rt. Und zwar aus pers\u00f6nlichen Gr\u00fcnden. Punkt. Macht aber nix: Es war auch schon vorher eine Listenerg\u00e4nzungsversammlung f\u00fcr den 3.4. angesetzt, auf der es jetzt halt einfach &#8230; <\/p>\n<p class=\"read-more-container\"><a title=\"Doch nicht Platz 2.\" class=\"read-more button\" href=\"https:\/\/www.konstantin-goerlich.de\/wordpress\/2009\/03\/27\/doch-nicht-platz-2\/#more-468\" aria-label=\"Mehr Informationen \u00fcber Doch nicht Platz 2.\">weiterlesen<\/a><\/p>\n","protected":false},"author":1,"featured_media":0,"comment_status":"open","ping_status":"open","sticky":false,"template":"","format":"standard","meta":{"footnotes":""},"categories":[1],"tags":[],"_links":{"self":[{"href":"https:\/\/www.konstantin-goerlich.de\/wordpress\/wp-json\/wp\/v2\/posts\/468"}],"collection":[{"href":"https:\/\/www.konstantin-goerlich.de\/wordpress\/wp-json\/wp\/v2\/posts"}],"about":[{"href":"https:\/\/www.konstantin-goerlich.de\/wordpress\/wp-json\/wp\/v2\/types\/post"}],"author":[{"embeddable":true,"href":"https:\/\/www.konstantin-goerlich.de\/wordpress\/wp-json\/wp\/v2\/users\/1"}],"replies":[{"embeddable":true,"href":"https:\/\/www.konstantin-goerlich.de\/wordpress\/wp-json\/wp\/v2\/comments?post=468"}],"version-history":[{"count":1,"href":"https:\/\/www.konstantin-goerlich.de\/wordpress\/wp-json\/wp\/v2\/posts\/468\/revisions"}],"predecessor-version":[{"id":469,"href":"https:\/\/www.konstantin-goerlich.de\/wordpress\/wp-json\/wp\/v2\/posts\/468\/revisions\/469"}],"wp:attachment":[{"href":"https:\/\/www.konstantin-goerlich.de\/wordpress\/wp-json\/wp\/v2\/media?parent=468"}],"wp:term":[{"taxonomy":"category","embeddable":true,"href":"https:\/\/www.konstantin-goerlich.de\/wordpress\/wp-json\/wp\/v2\/categories?post=468"},{"taxonomy":"post_tag","embeddable":true,"href":"https:\/\/www.konstantin-goerlich.de\/wordpress\/wp-json\/wp\/v2\/tags?post=468"}],"curies":[{"name":"wp","href":"https:\/\/api.w.org\/{rel}","templated":true}]}}