{"id":458,"date":"2009-03-21T01:04:05","date_gmt":"2009-03-21T00:04:05","guid":{"rendered":"http:\/\/www.konstantin-goerlich.de\/wordpress\/?p=458"},"modified":"2009-03-21T01:04:05","modified_gmt":"2009-03-21T00:04:05","slug":"platz-2","status":"publish","type":"post","link":"https:\/\/www.konstantin-goerlich.de\/wordpress\/2009\/03\/21\/platz-2\/","title":{"rendered":"Platz 2."},"content":{"rendered":"<p>Vorhin ging die Wahlversammlung der Gr\u00fcnen Alternative Freiburg, GAF, zu ende. Ich habe mich f\u00fcr Listenplatz 2 beworben und diesen auch bekommen. Auf den Pl\u00e4tzen 1 und 3 kandidieren die bisher einzigen GAF-Stadtr\u00e4te Monika Stein und Coinneach McCabe. In der einzigen Kampfkandidatur des Abends konnte sich Axel Rutz auf Platz 4 gegen Edmund Punch durchsetzen, der nun auf Platz 5 ins Rennen geht.<\/p>\n","protected":false},"excerpt":{"rendered":"<p>Vorhin ging die Wahlversammlung der Gr\u00fcnen Alternative Freiburg, GAF, zu ende. Ich habe mich f\u00fcr Listenplatz 2 beworben und diesen auch bekommen. Auf den Pl\u00e4tzen 1 und 3 kandidieren die bisher einzigen GAF-Stadtr\u00e4te Monika Stein und Coinneach McCabe. In der einzigen Kampfkandidatur des Abends konnte sich Axel Rutz auf Platz 4 gegen Edmund Punch durchsetzen, &#8230; <\/p>\n<p class=\"read-more-container\"><a title=\"Platz 2.\" class=\"read-more button\" href=\"https:\/\/www.konstantin-goerlich.de\/wordpress\/2009\/03\/21\/platz-2\/#more-458\" aria-label=\"Mehr Informationen \u00fcber Platz 2.\">weiterlesen<\/a><\/p>\n","protected":false},"author":1,"featured_media":0,"comment_status":"open","ping_status":"open","sticky":false,"template":"","format":"standard","meta":{"footnotes":""},"categories":[1],"tags":[],"_links":{"self":[{"href":"https:\/\/www.konstantin-goerlich.de\/wordpress\/wp-json\/wp\/v2\/posts\/458"}],"collection":[{"href":"https:\/\/www.konstantin-goerlich.de\/wordpress\/wp-json\/wp\/v2\/posts"}],"about":[{"href":"https:\/\/www.konstantin-goerlich.de\/wordpress\/wp-json\/wp\/v2\/types\/post"}],"author":[{"embeddable":true,"href":"https:\/\/www.konstantin-goerlich.de\/wordpress\/wp-json\/wp\/v2\/users\/1"}],"replies":[{"embeddable":true,"href":"https:\/\/www.konstantin-goerlich.de\/wordpress\/wp-json\/wp\/v2\/comments?post=458"}],"version-history":[{"count":1,"href":"https:\/\/www.konstantin-goerlich.de\/wordpress\/wp-json\/wp\/v2\/posts\/458\/revisions"}],"predecessor-version":[{"id":459,"href":"https:\/\/www.konstantin-goerlich.de\/wordpress\/wp-json\/wp\/v2\/posts\/458\/revisions\/459"}],"wp:attachment":[{"href":"https:\/\/www.konstantin-goerlich.de\/wordpress\/wp-json\/wp\/v2\/media?parent=458"}],"wp:term":[{"taxonomy":"category","embeddable":true,"href":"https:\/\/www.konstantin-goerlich.de\/wordpress\/wp-json\/wp\/v2\/categories?post=458"},{"taxonomy":"post_tag","embeddable":true,"href":"https:\/\/www.konstantin-goerlich.de\/wordpress\/wp-json\/wp\/v2\/tags?post=458"}],"curies":[{"name":"wp","href":"https:\/\/api.w.org\/{rel}","templated":true}]}}