{"id":441,"date":"2009-03-18T15:09:11","date_gmt":"2009-03-18T14:09:11","guid":{"rendered":"http:\/\/www.konstantin-goerlich.de\/wordpress\/?p=441"},"modified":"2009-03-23T19:26:18","modified_gmt":"2009-03-23T18:26:18","slug":"grune-alternative-stellt-sich-zur-wahl","status":"publish","type":"post","link":"https:\/\/www.konstantin-goerlich.de\/wordpress\/2009\/03\/18\/grune-alternative-stellt-sich-zur-wahl\/","title":{"rendered":"Gr\u00fcne Alternative stellt sich zur Wahl."},"content":{"rendered":"<p><strong><center>Pressemitteilung der GAF<\/center><\/strong><br \/>\n<a href=\"http:\/\/www.ga-freiburg.net\/\"><img loading=\"lazy\" decoding=\"async\" class=\"alignleft size-full wp-image-365\" style=\"float: left; margin-right: 10px;\" title=\"gaf_logo\" src=\"https:\/\/www.konstantin-goerlich.de\/wordpress\/wp-content\/uploads\/2009\/02\/gaf_logo.jpg\" alt=\"gaf_logo\" width=\"194\" height=\"128\" srcset=\"https:\/\/www.konstantin-goerlich.de\/wordpress\/wp-content\/uploads\/2009\/02\/gaf_logo.jpg 194w, https:\/\/www.konstantin-goerlich.de\/wordpress\/wp-content\/uploads\/2009\/02\/gaf_logo-150x99.jpg 150w\" sizes=\"(max-width: 194px) 100vw, 194px\" \/><\/a><span>Wenn am 7. Juni in Freiburg ein neuer Gemeinderat gew\u00e4hlt wird ist es etwa ein Jahr her, dass Monika Stein und Coinneach McCabe aus der Gemeinderatsfraktion von B\u00fcndnis90\/Die Gr\u00fcnen ausgetreten sind. &#8222;R\u00fcckblickend war und ist es eine richtige Entscheidung. Wir k\u00f6nnen jetzt eine soziale\u00a0<\/span><span>und<\/span><span>\u00a0\u00f6kologische Fach- und Sachpolitik betreiben. Darum wollen wir wieder in den Gemeinderat.&#8220;, stellt GAF-Stadtr\u00e4tin Monika Stein fest. Coinneach McCabe, ebenfalls GAF-Stadtrat erg\u00e4nzt: &#8222;Die Entwicklungen der letzten 12 Monate best\u00e4tigen uns. Beispielsweise wurden die unzweckm\u00e4\u00dfigen Alkoholverbote verl\u00e4ngert. Freiburg braucht eine Gruppe, die alternative Politik macht und f\u00f6rdert.&#8220;<\/span><\/p>\n<p><span>Aber auch bei der GAF hat sich einiges getan: Sie ist mittlerweile eine stetig um an gr\u00fcner Politik interessierte wachsende W\u00e4hlerInnenvereinigung mit basisdemokratischem Profil. &#8222;Mit unserer Liste geben wir den Freiburgerinnen und Freiburgern eine Alternative zu schwarz-gr\u00fcner Verbotspolitik, Sozialabbau und Bevormundung. Wir stehen f\u00fcr ein tolerantes, buntes und entspanntes Freiburg &#8211; f\u00fcr die offene Stadt, die immer mehr verloren geht. Gr\u00fcne Politik ist f\u00fcr uns die Verbindung von \u00d6kologie, Selbstbestimmung, lebendiger Demokratie und Gerechtigkeit.&#8220; beschreibt Konstantin G\u00f6rlich, Vorstandsmitglied der W\u00e4hlerInnenvereinigung, die Grunds\u00e4tze der GAF. &#8222;Unser Ziel ist es, in Fraktionsst\u00e4rke in den neuen Gemeinderat einzuziehen.&#8220; stellt G\u00f6rlich klar, &#8222;Und wir laden alle Interessierten ein, dabei mitzuwirken.&#8220;<\/span><\/p>\n<p><span>Das Programm der GAF wird auf <a href=\"http:\/\/www.ga-freiburg.net\/\">ga-freiburg.net<\/a> diskutiert. Die Listenaufstellung findet am 20. M\u00e4rz ab 19 Uhr im Gasthaus Goldene Krone in der Kronenstra\u00dfe statt.<br \/>\n<\/span><\/p>\n","protected":false},"excerpt":{"rendered":"<p>Pressemitteilung der GAF Wenn am 7. Juni in Freiburg ein neuer Gemeinderat gew\u00e4hlt wird ist es etwa ein Jahr her, dass Monika Stein und Coinneach McCabe aus der Gemeinderatsfraktion von B\u00fcndnis90\/Die Gr\u00fcnen ausgetreten sind. &#8222;R\u00fcckblickend war und ist es eine richtige Entscheidung. Wir k\u00f6nnen jetzt eine soziale\u00a0und\u00a0\u00f6kologische Fach- und Sachpolitik betreiben. Darum wollen wir wieder &#8230; <\/p>\n<p class=\"read-more-container\"><a title=\"Gr\u00fcne Alternative stellt sich zur Wahl.\" class=\"read-more button\" href=\"https:\/\/www.konstantin-goerlich.de\/wordpress\/2009\/03\/18\/grune-alternative-stellt-sich-zur-wahl\/#more-441\" aria-label=\"Mehr Informationen \u00fcber Gr\u00fcne Alternative stellt sich zur Wahl.\">weiterlesen<\/a><\/p>\n","protected":false},"author":1,"featured_media":0,"comment_status":"open","ping_status":"open","sticky":false,"template":"","format":"standard","meta":{"footnotes":""},"categories":[1],"tags":[],"_links":{"self":[{"href":"https:\/\/www.konstantin-goerlich.de\/wordpress\/wp-json\/wp\/v2\/posts\/441"}],"collection":[{"href":"https:\/\/www.konstantin-goerlich.de\/wordpress\/wp-json\/wp\/v2\/posts"}],"about":[{"href":"https:\/\/www.konstantin-goerlich.de\/wordpress\/wp-json\/wp\/v2\/types\/post"}],"author":[{"embeddable":true,"href":"https:\/\/www.konstantin-goerlich.de\/wordpress\/wp-json\/wp\/v2\/users\/1"}],"replies":[{"embeddable":true,"href":"https:\/\/www.konstantin-goerlich.de\/wordpress\/wp-json\/wp\/v2\/comments?post=441"}],"version-history":[{"count":10,"href":"https:\/\/www.konstantin-goerlich.de\/wordpress\/wp-json\/wp\/v2\/posts\/441\/revisions"}],"predecessor-version":[{"id":466,"href":"https:\/\/www.konstantin-goerlich.de\/wordpress\/wp-json\/wp\/v2\/posts\/441\/revisions\/466"}],"wp:attachment":[{"href":"https:\/\/www.konstantin-goerlich.de\/wordpress\/wp-json\/wp\/v2\/media?parent=441"}],"wp:term":[{"taxonomy":"category","embeddable":true,"href":"https:\/\/www.konstantin-goerlich.de\/wordpress\/wp-json\/wp\/v2\/categories?post=441"},{"taxonomy":"post_tag","embeddable":true,"href":"https:\/\/www.konstantin-goerlich.de\/wordpress\/wp-json\/wp\/v2\/tags?post=441"}],"curies":[{"name":"wp","href":"https:\/\/api.w.org\/{rel}","templated":true}]}}