{"id":44,"date":"2007-02-01T11:48:52","date_gmt":"2007-02-01T10:48:52","guid":{"rendered":"http:\/\/www.konstantin-goerlich.de\/wordpress\/2007\/02\/03\/ziemlich-unterkuhlt\/"},"modified":"2007-03-11T02:59:48","modified_gmt":"2007-03-11T01:59:48","slug":"ziemlich-unterkuhlt","status":"publish","type":"post","link":"https:\/\/www.konstantin-goerlich.de\/wordpress\/2007\/02\/01\/ziemlich-unterkuhlt\/","title":{"rendered":"Ziemlich unterk\u00fchlt &#8230;"},"content":{"rendered":"<p>&#8230; war nicht nur der Jubil\u00e4umsrotwein (ein angesichts der Haushaltslage erstaunlich trinkbarer, badischer (?) Sp\u00e4tburgunder) sondern auch die Stimmung auf dem Empfang im Anschlu\u00df an das feierliche Er\u00f6ffnungskonzert zum diesj\u00e4hrigen Jubil\u00e4um der Uni Freiburg. Am 31. Januar hatten sich zahlreiche Ehreng\u00e4ste, Lehrende und Studierende im Audimax (der Unversit\u00e4t) eingefunden, um nach den Er\u00f6ffnungsreden von Rektor J\u00e4ger und u-asta-Vorstand Schmeh dem akademischen Orchester der Uni zu lauschen. Gegeben wurden Brahms&#8216; Akademische Festouvert\u00fcre und Schumanns Fr\u00fchlingssinfonie. Doch die Berichterstattung (in der BZ wie immer nur f\u00fcr Abonnenten, aber auch im <a href=\"http:\/\/www.spiegel.de\/unispiegel\/studium\/0,1518,463756,00.html\" target=\"_blank\">Spiegel<\/a>) \u00fcber den Abend findet au\u00dfer der Nennung der St\u00fccke kaum Worte f\u00fcr die Leistung der Musiker. Und das kam so: Bereits mehrere Tage vorher war im und um das Audimax hektische Betriebsamkeit ausgebrochen. Da wurden B\u00f6den aufgearbeitet, W\u00e4nde eilig, wenn auch im architektonisch vorgegebenen Mausgrau, neu angestrichen und die Stellw\u00e4nde aller studentischen Initiativen entfernt bzw. verh\u00e4ngt. So waren es am Abend dann auch nur die gut 50 im gelben Boykottshirt erschienenen Studierenden, die als einziger Farbtupfer erkennen lie\u00dfen, da\u00df es sich bei dem Geb\u00e4ude tats\u00e4chlich um eine von Studierenden genutzte Universit\u00e4t handelt. Als dann Rektor J\u00e4ger ans Rednerpult trat, wurde dies auch h\u00f6rbar. Ein minutenlanger, nahezu ohrenbet\u00e4ubender Beifallssturm der 30 Jahre Mundtot-Jubil\u00e4um &#8222;Feiernden&#8220; begr\u00fc\u00dfte ihn und unterbrach ihn zu Beginn mehrfach. Wie immer war dies zu erwarten, wie immer wurde es zun\u00e4chst mindestens mit Ans\u00e4tzen von Sympathie aufgenommen, und sogar J\u00e4ger ging in seiner Rede darauf ein, als er die &#8222;kritische und kreative&#8220; Beteiligung der Studierenden erw\u00e4hnte.<br \/>\n<center><img decoding=\"async\" id=\"image45\" src=\"https:\/\/www.konstantin-goerlich.de\/wordpress\/wp-content\/uploads\/2007\/02\/hermann_1.jpg\" alt=\"h1\" \/><br \/><strong>u-Vorstand Schmeh zu Beginn der Rede J\u00e4gers noch vergn\u00fcgt.<\/strong><\/center><br \/>\nSp\u00e4testens als die gelb gewandete Beifallssturmabteilung ihre St\u00f6raktion (zu diesem Zeitpunkt beteiligte sich noch etwa die H\u00e4lfte der Protestierenden w\u00e4hrend sich die andere H\u00e4lfte sichtlich unwohl f\u00fchlte und zum Teil beschwichtigend versuchte, die anderen zur Vernunft zu bringen) auch beim selbstkritischen Teil der Rede, die die Zeit des Nationalsozialismus zum Thema hatte, nicht beendete war jegliche Sympathie verloren. So bekam die von J\u00e4ger in seiner Rede zitierte Gr\u00fcnderwidmung der Universit\u00e4t zur &#8222;Erl\u00f6schung des verderblichen Feuers menschlicher Unvernunft und Blindheit&#8220; unverhofft eine ganz neue Bedeutung und auch u-Vorstand Schmeh &#8211; der auch gern mal Feuer kommentiert &#8211; konnte nur ratlose Blicke mit J\u00e4ger austauschen.<br \/>\n<br \/><center><img decoding=\"async\" id=\"image46\" src=\"https:\/\/www.konstantin-goerlich.de\/wordpress\/wp-content\/uploads\/2007\/02\/hermann_2.jpg\" alt=\"h2\" \/><br \/><strong>Hermann J. Schmeh etwas sp\u00e4ter rat- und machtlos.<\/strong><\/center><br \/>\nWas bleibt also \u00fcbrig von der (J)ubli\u00e4umser\u00f6ffnung? Marc R\u00f6hlig nennt eine seiner Zwischen\u00fcberschiften &#8222;Sturmklatschen statt Debatte&#8220; und erkennt dabei das eigentliche Problem des Abends nicht: Es war kein Anlass zur Debatte, sondern allenfalls zum Feiern. Schlie\u00dft das eine politische Meinungs\u00e4u\u00dferung in diesem Rahmen aus? Sicherlich nicht. Boykottshirts als sozusagen stiller, aber schriller Protest fallen zwar nicht unter den feierlichen Dresscode &#8211; aber wer mochte w\u00e4re und ist damit nicht angeeckt, wobei man dar\u00fcber auch geteilter Meinung sein kann und auch war: Ich hatte mich auf einen Boykottanstecker beschr\u00e4nkt. Auch die ersten Jubelpfiffe sind, wie etliche anwesende Studierende meinten, noch im Rahmen gewesen, wobei man auch dies anders sehen kann. Alles was danach kam, war falsch, eine Eskalation gruppendynamischer Natur.<br \/>\nAus genau diesem Grunde darf die Aktion nicht falsch verstanden werden: Weder beteiligte sich ein wesentlicher Teil der Boykottshirttr\u00e4ger gegen Ende noch am Jubelsturm noch ist diese Protestform kennzeichnend f\u00fcr Ziele und Verlauf des weiterhin richtigen und wichtigen Boykotts der Studiengeb\u00fchren in Baden-W\u00fcrttemberg. Schade nur, da\u00df das so durch die Medien und alle anderen Kan\u00e4le nicht bei der Studierendenschaft ankommt. Unter dem Deckmantel des Boykotts haben wiedereinmal lediglich eine Handvoll \u00fcberaus motivierter Aktivisten das bislang positive Image dieser studentischen Protestform in Anbetracht der geringen verbleibenden Zeit irreparabel besch\u00e4digt. Das ist wohl der Preis, der f\u00fcr offene Organisation und Interessenvertretung zu zahlen ist. Ich jedenfalls kann es nach diesem Abend niemandem verdenken, wenn er die bereits prek\u00e4re Personalsituation in der Belfortstra\u00dfe 24 durch eigenes Fernbleiben weiter versch\u00e4rft.<\/p>\n","protected":false},"excerpt":{"rendered":"<p>&#8230; war nicht nur der Jubil\u00e4umsrotwein (ein angesichts der Haushaltslage erstaunlich trinkbarer, badischer (?) Sp\u00e4tburgunder) sondern auch die Stimmung auf dem Empfang im Anschlu\u00df an das feierliche Er\u00f6ffnungskonzert zum diesj\u00e4hrigen Jubil\u00e4um der Uni Freiburg. Am 31. Januar hatten sich zahlreiche Ehreng\u00e4ste, Lehrende und Studierende im Audimax (der Unversit\u00e4t) eingefunden, um nach den Er\u00f6ffnungsreden von Rektor &#8230; <\/p>\n<p class=\"read-more-container\"><a title=\"Ziemlich unterk\u00fchlt &#8230;\" class=\"read-more button\" href=\"https:\/\/www.konstantin-goerlich.de\/wordpress\/2007\/02\/01\/ziemlich-unterkuhlt\/#more-44\" aria-label=\"Mehr Informationen \u00fcber Ziemlich unterk\u00fchlt &#8230;\">weiterlesen<\/a><\/p>\n","protected":false},"author":1,"featured_media":0,"comment_status":"open","ping_status":"open","sticky":false,"template":"","format":"standard","meta":{"footnotes":""},"categories":[1],"tags":[],"_links":{"self":[{"href":"https:\/\/www.konstantin-goerlich.de\/wordpress\/wp-json\/wp\/v2\/posts\/44"}],"collection":[{"href":"https:\/\/www.konstantin-goerlich.de\/wordpress\/wp-json\/wp\/v2\/posts"}],"about":[{"href":"https:\/\/www.konstantin-goerlich.de\/wordpress\/wp-json\/wp\/v2\/types\/post"}],"author":[{"embeddable":true,"href":"https:\/\/www.konstantin-goerlich.de\/wordpress\/wp-json\/wp\/v2\/users\/1"}],"replies":[{"embeddable":true,"href":"https:\/\/www.konstantin-goerlich.de\/wordpress\/wp-json\/wp\/v2\/comments?post=44"}],"version-history":[{"count":0,"href":"https:\/\/www.konstantin-goerlich.de\/wordpress\/wp-json\/wp\/v2\/posts\/44\/revisions"}],"wp:attachment":[{"href":"https:\/\/www.konstantin-goerlich.de\/wordpress\/wp-json\/wp\/v2\/media?parent=44"}],"wp:term":[{"taxonomy":"category","embeddable":true,"href":"https:\/\/www.konstantin-goerlich.de\/wordpress\/wp-json\/wp\/v2\/categories?post=44"},{"taxonomy":"post_tag","embeddable":true,"href":"https:\/\/www.konstantin-goerlich.de\/wordpress\/wp-json\/wp\/v2\/tags?post=44"}],"curies":[{"name":"wp","href":"https:\/\/api.w.org\/{rel}","templated":true}]}}