{"id":399,"date":"2009-02-24T13:36:19","date_gmt":"2009-02-24T12:36:19","guid":{"rendered":"http:\/\/www.konstantin-goerlich.de\/wordpress\/?p=399"},"modified":"2009-02-24T13:36:19","modified_gmt":"2009-02-24T12:36:19","slug":"umweltpramie-abwracken","status":"publish","type":"post","link":"https:\/\/www.konstantin-goerlich.de\/wordpress\/2009\/02\/24\/umweltpramie-abwracken\/","title":{"rendered":"Umweltpr\u00e4mie abwracken."},"content":{"rendered":"<p><a title=\"Umweltpr\u00e4mie jetzt!\" href=\"http:\/\/www.vcd.org\/umweltpraemie_jetzt.html\" target=\"_blank\"><img decoding=\"async\" class=\"alignright size-full\" style=\"margin-left: 10px;\" title=\"Umweltpr\u00e4mie jetzt!\" src=\"http:\/\/www.vcd.org\/fileadmin\/user_upload\/redakteure\/vcd_aktiv\/mitmachen\/umweltpraemie_extern.gif\" alt=\"Umweltpr\u00e4mie jetzt!\" \/><\/a>Im Volksmund der Medien hei\u00dft sie Abwrackpr\u00e4mie, doch ihr tats\u00e4chlicher Name lautet absurder Weise Umweltpr\u00e4mie: Wer sein altes Auto verschrottet und ein neues kauft bekommt 2500 \u20ac vom Staat, also aus Steuermitteln. Was das ganze mit Umweltschutz zu tun haben soll, war mir von vornherein nicht ganz klar, denn das neue Auto f\u00e4hrt ja auch wieder mit Benzin oder Diesel und wird &#8211; dem technischen Fortschritt sei Dank &#8211; in der \u00fcberwiegenden Zahl der F\u00e4lle kaum substantiell weniger verbrauchen als sein Vorg\u00e4nger.<\/p>\n<p>Was liegt da n\u00e4her, als die Umweltpr\u00e4mie auf andere Verkehrsmittel auszudehnen? Genau das fordert <a href=\"http:\/\/greenren.wordpress.com\/2009\/02\/24\/umweltpramie-statt-abwrackpramie-vcd-wird-aktiv\/\" target=\"_blank\">laut Green Renaissance Blog<\/a> jetzt der Verkehrsclub Deutschland (<a href=\"http:\/\/www.vcd.org\" target=\"_blank\">VCD<\/a>), \u00fcber den man die neuen Pr\u00e4mien zur Anschaffung eines neuen Fahrrades oder von \u00d6PNV-Karten schonmal symbolisch beim kurzerhand f\u00fcr zust\u00e4ndig erkl\u00e4rten Bundesamt f\u00fcr Wirtschaft und Ausfuhrkontrolle (BAFA) <a href=\"http:\/\/www.vcd.org\/umweltpraemie_jetzt.html\" target=\"_blank\">beantragen<\/a> kann.<\/p>\n<p>Ich verzichte jetzt mal darauf, zu berechnen, wieviel Kohle- und Atomstrom man mit einer BahnCard100 theoretisch verfahren k\u00f6nnte, aber von einem Fahrrad f\u00fcr 2500 \u20ac Umweltpr\u00e4mie wird man ja wohl tr\u00e4umen d\u00fcrfen. CO2-neutral w\u00e4re man damit jedenfalls unterwegs, und ges\u00fcnder auch.<\/p>\n","protected":false},"excerpt":{"rendered":"<p>Im Volksmund der Medien hei\u00dft sie Abwrackpr\u00e4mie, doch ihr tats\u00e4chlicher Name lautet absurder Weise Umweltpr\u00e4mie: Wer sein altes Auto verschrottet und ein neues kauft bekommt 2500 \u20ac vom Staat, also aus Steuermitteln. Was das ganze mit Umweltschutz zu tun haben soll, war mir von vornherein nicht ganz klar, denn das neue Auto f\u00e4hrt ja auch &#8230; <\/p>\n<p class=\"read-more-container\"><a title=\"Umweltpr\u00e4mie abwracken.\" class=\"read-more button\" href=\"https:\/\/www.konstantin-goerlich.de\/wordpress\/2009\/02\/24\/umweltpramie-abwracken\/#more-399\" aria-label=\"Mehr Informationen \u00fcber Umweltpr\u00e4mie abwracken.\">weiterlesen<\/a><\/p>\n","protected":false},"author":1,"featured_media":0,"comment_status":"open","ping_status":"open","sticky":false,"template":"","format":"standard","meta":{"footnotes":""},"categories":[1],"tags":[],"_links":{"self":[{"href":"https:\/\/www.konstantin-goerlich.de\/wordpress\/wp-json\/wp\/v2\/posts\/399"}],"collection":[{"href":"https:\/\/www.konstantin-goerlich.de\/wordpress\/wp-json\/wp\/v2\/posts"}],"about":[{"href":"https:\/\/www.konstantin-goerlich.de\/wordpress\/wp-json\/wp\/v2\/types\/post"}],"author":[{"embeddable":true,"href":"https:\/\/www.konstantin-goerlich.de\/wordpress\/wp-json\/wp\/v2\/users\/1"}],"replies":[{"embeddable":true,"href":"https:\/\/www.konstantin-goerlich.de\/wordpress\/wp-json\/wp\/v2\/comments?post=399"}],"version-history":[{"count":2,"href":"https:\/\/www.konstantin-goerlich.de\/wordpress\/wp-json\/wp\/v2\/posts\/399\/revisions"}],"predecessor-version":[{"id":402,"href":"https:\/\/www.konstantin-goerlich.de\/wordpress\/wp-json\/wp\/v2\/posts\/399\/revisions\/402"}],"wp:attachment":[{"href":"https:\/\/www.konstantin-goerlich.de\/wordpress\/wp-json\/wp\/v2\/media?parent=399"}],"wp:term":[{"taxonomy":"category","embeddable":true,"href":"https:\/\/www.konstantin-goerlich.de\/wordpress\/wp-json\/wp\/v2\/categories?post=399"},{"taxonomy":"post_tag","embeddable":true,"href":"https:\/\/www.konstantin-goerlich.de\/wordpress\/wp-json\/wp\/v2\/tags?post=399"}],"curies":[{"name":"wp","href":"https:\/\/api.w.org\/{rel}","templated":true}]}}