{"id":39,"date":"2007-01-24T01:23:51","date_gmt":"2007-01-24T00:23:51","guid":{"rendered":"http:\/\/www.konstantin-goerlich.de\/wordpress\/2007\/01\/24\/ich-glaube-es-schneit\/"},"modified":"2007-01-24T01:23:51","modified_gmt":"2007-01-24T00:23:51","slug":"ich-glaube-es-schneit","status":"publish","type":"post","link":"https:\/\/www.konstantin-goerlich.de\/wordpress\/2007\/01\/24\/ich-glaube-es-schneit\/","title":{"rendered":"Ich glaube es schneit."},"content":{"rendered":"<p>Bereits am Wochenende war es angek\u00fcndigt, gestern kam es einem den halben Tag so vor als ginge es jeden Moment los, und doch wurden gegen 21 Uhr am Dienstag Abend viele von dem \u00fcberrascht, was da erstmals in diesem Winter aus allen Wolken fiel: Es handelt sich tats\u00e4chlich und eindeutig um &#8230; Schnee! Bei ca. -3\u00b0C liegen inzwischen etwas mehr als 3 cm in der Stadt rum, alles ist wei\u00df, die Stra\u00dfen sind nicht ger\u00e4umt und daher mit festgefahrenem Schnee bedeckt, und was man so von den Autobahnen im Rest des Landes h\u00f6rt l\u00e4\u00dft auf noch mehr Schnee hoffen. Ein paar Eindr\u00fccke von drau\u00dfen hab ich noch zu pr\u00e4sentieren, wiedereinmal Bilder aus dem Grenzbereich der Nachbelichtung.<\/p>\n<table>\n<tr>\n<td><a class=\"imagelink\" href=\"https:\/\/www.konstantin-goerlich.de\/wordpress\/wp-content\/uploads\/2007\/01\/schnee2.jpg\" title=\"schnee2.jpg\" rel=\"lightbox[39]\"><img decoding=\"async\" id=\"image38\" src=\"https:\/\/www.konstantin-goerlich.de\/wordpress\/wp-content\/uploads\/2007\/01\/schnee2.thumbnail.jpg\" alt=\"schnee2.jpg\" \/><\/a><\/td>\n<td width=\"15\"><\/td>\n<td><a class=\"imagelink\" href=\"https:\/\/www.konstantin-goerlich.de\/wordpress\/wp-content\/uploads\/2007\/01\/schnee1.jpg\" title=\"schnee1.jpg\" rel=\"lightbox[39]\"><img decoding=\"async\" id=\"image37\" src=\"https:\/\/www.konstantin-goerlich.de\/wordpress\/wp-content\/uploads\/2007\/01\/schnee1.thumbnail.jpg\" alt=\"schnee1.jpg\" \/><\/a><\/td>\n<\/tr>\n<\/table>\n","protected":false},"excerpt":{"rendered":"<p>Bereits am Wochenende war es angek\u00fcndigt, gestern kam es einem den halben Tag so vor als ginge es jeden Moment los, und doch wurden gegen 21 Uhr am Dienstag Abend viele von dem \u00fcberrascht, was da erstmals in diesem Winter aus allen Wolken fiel: Es handelt sich tats\u00e4chlich und eindeutig um &#8230; Schnee! Bei ca. &#8230; <\/p>\n<p class=\"read-more-container\"><a title=\"Ich glaube es schneit.\" class=\"read-more button\" href=\"https:\/\/www.konstantin-goerlich.de\/wordpress\/2007\/01\/24\/ich-glaube-es-schneit\/#more-39\" aria-label=\"Mehr Informationen \u00fcber Ich glaube es schneit.\">weiterlesen<\/a><\/p>\n","protected":false},"author":1,"featured_media":0,"comment_status":"open","ping_status":"open","sticky":false,"template":"","format":"standard","meta":{"footnotes":""},"categories":[1],"tags":[],"_links":{"self":[{"href":"https:\/\/www.konstantin-goerlich.de\/wordpress\/wp-json\/wp\/v2\/posts\/39"}],"collection":[{"href":"https:\/\/www.konstantin-goerlich.de\/wordpress\/wp-json\/wp\/v2\/posts"}],"about":[{"href":"https:\/\/www.konstantin-goerlich.de\/wordpress\/wp-json\/wp\/v2\/types\/post"}],"author":[{"embeddable":true,"href":"https:\/\/www.konstantin-goerlich.de\/wordpress\/wp-json\/wp\/v2\/users\/1"}],"replies":[{"embeddable":true,"href":"https:\/\/www.konstantin-goerlich.de\/wordpress\/wp-json\/wp\/v2\/comments?post=39"}],"version-history":[{"count":0,"href":"https:\/\/www.konstantin-goerlich.de\/wordpress\/wp-json\/wp\/v2\/posts\/39\/revisions"}],"wp:attachment":[{"href":"https:\/\/www.konstantin-goerlich.de\/wordpress\/wp-json\/wp\/v2\/media?parent=39"}],"wp:term":[{"taxonomy":"category","embeddable":true,"href":"https:\/\/www.konstantin-goerlich.de\/wordpress\/wp-json\/wp\/v2\/categories?post=39"},{"taxonomy":"post_tag","embeddable":true,"href":"https:\/\/www.konstantin-goerlich.de\/wordpress\/wp-json\/wp\/v2\/tags?post=39"}],"curies":[{"name":"wp","href":"https:\/\/api.w.org\/{rel}","templated":true}]}}