{"id":374,"date":"2009-02-06T08:23:48","date_gmt":"2009-02-06T07:23:48","guid":{"rendered":"http:\/\/www.konstantin-goerlich.de\/wordpress\/?p=374"},"modified":"2009-02-06T05:35:21","modified_gmt":"2009-02-06T04:35:21","slug":"2-jahre-studiengebuhren-und-jetzt","status":"publish","type":"post","link":"https:\/\/www.konstantin-goerlich.de\/wordpress\/2009\/02\/06\/2-jahre-studiengebuhren-und-jetzt\/","title":{"rendered":"2 Jahre Studiengeb\u00fchren &#8211; und jetzt?"},"content":{"rendered":"<p><a href=\"http:\/\/www.gebuehrenfreiburg.de\"><img loading=\"lazy\" decoding=\"async\" class=\"alignright size-full wp-image-375\" style=\"margin-left: 10px;\" title=\"gebfrei_logo_w200\" src=\"https:\/\/www.konstantin-goerlich.de\/wordpress\/wp-content\/uploads\/2009\/02\/gebfrei_logo_w200.jpg\" alt=\"gebfrei_logo_w200\" width=\"200\" height=\"183\" \/><\/a>Einer Antwort auf diese Frage nach einem Res\u00fcmee wird heute Abend in einer Podiumsdiskussion nachgegangen:<\/p>\n<p><strong>HEUTE, 6.2.09, 20 Uhr, Audimax<\/strong><\/p>\n<p>Viel interessanter als die Frage nach den letzten 2 Jahren d\u00fcrfte aber der Blick in die Zukunft werden, hat doch die neue Geschwisterregelung das Gesetz in eine rechtlich noch bedenklichere Situation als ohnehin schon gebracht. Von der politischen Situation ganz zu schweigen: Zwar wird der n\u00e4chste Landtag erst 2011 gew\u00e4hlt, aber im Superwahljahr 2009 wird sich kaum jemand vor diesem Thema verstecken k\u00f6nnen, auch aufgrund des Erfolges der <a href=\"http:\/\/www.gebuehrenfreiburg.de\">Geb\u00fchrenFRei<\/a>-Kampagne aus Freiburg, die zu der Diskussion einl\u00e4dt, weil die denkt, da\u00df\u00a0Studiengeb\u00fchren fair und von Experten diskutiert werden\u00a0sollten. Es diskutieren:<\/p>\n<li>Dr. Klaus Sch\u00fcle, MdL, hochschulpolitischer Sprecher der CDU<\/li>\n<li>Johannes Stober, MdL, hochschulpolitischer Sprecher der SPD<\/li>\n<li>Reinhold Pix, MdL, B\u00fcndnis 90\/Die Gr\u00fcnen<\/li>\n<li>Prof. Dr. Heiner Schanz, Prorektor f\u00fcr Studium und Lehre (Uni Freiburg)<\/li>\n","protected":false},"excerpt":{"rendered":"<p>Einer Antwort auf diese Frage nach einem Res\u00fcmee wird heute Abend in einer Podiumsdiskussion nachgegangen: HEUTE, 6.2.09, 20 Uhr, Audimax Viel interessanter als die Frage nach den letzten 2 Jahren d\u00fcrfte aber der Blick in die Zukunft werden, hat doch die neue Geschwisterregelung das Gesetz in eine rechtlich noch bedenklichere Situation als ohnehin schon gebracht. &#8230; <\/p>\n<p class=\"read-more-container\"><a title=\"2 Jahre Studiengeb\u00fchren &#8211; und jetzt?\" class=\"read-more button\" href=\"https:\/\/www.konstantin-goerlich.de\/wordpress\/2009\/02\/06\/2-jahre-studiengebuhren-und-jetzt\/#more-374\" aria-label=\"Mehr Informationen \u00fcber 2 Jahre Studiengeb\u00fchren &#8211; und jetzt?\">weiterlesen<\/a><\/p>\n","protected":false},"author":1,"featured_media":0,"comment_status":"open","ping_status":"open","sticky":false,"template":"","format":"standard","meta":{"footnotes":""},"categories":[1],"tags":[],"_links":{"self":[{"href":"https:\/\/www.konstantin-goerlich.de\/wordpress\/wp-json\/wp\/v2\/posts\/374"}],"collection":[{"href":"https:\/\/www.konstantin-goerlich.de\/wordpress\/wp-json\/wp\/v2\/posts"}],"about":[{"href":"https:\/\/www.konstantin-goerlich.de\/wordpress\/wp-json\/wp\/v2\/types\/post"}],"author":[{"embeddable":true,"href":"https:\/\/www.konstantin-goerlich.de\/wordpress\/wp-json\/wp\/v2\/users\/1"}],"replies":[{"embeddable":true,"href":"https:\/\/www.konstantin-goerlich.de\/wordpress\/wp-json\/wp\/v2\/comments?post=374"}],"version-history":[{"count":6,"href":"https:\/\/www.konstantin-goerlich.de\/wordpress\/wp-json\/wp\/v2\/posts\/374\/revisions"}],"predecessor-version":[{"id":400,"href":"https:\/\/www.konstantin-goerlich.de\/wordpress\/wp-json\/wp\/v2\/posts\/374\/revisions\/400"}],"wp:attachment":[{"href":"https:\/\/www.konstantin-goerlich.de\/wordpress\/wp-json\/wp\/v2\/media?parent=374"}],"wp:term":[{"taxonomy":"category","embeddable":true,"href":"https:\/\/www.konstantin-goerlich.de\/wordpress\/wp-json\/wp\/v2\/categories?post=374"},{"taxonomy":"post_tag","embeddable":true,"href":"https:\/\/www.konstantin-goerlich.de\/wordpress\/wp-json\/wp\/v2\/tags?post=374"}],"curies":[{"name":"wp","href":"https:\/\/api.w.org\/{rel}","templated":true}]}}