{"id":366,"date":"2009-02-04T20:58:05","date_gmt":"2009-02-04T19:58:05","guid":{"rendered":"http:\/\/www.konstantin-goerlich.de\/wordpress\/?p=366"},"modified":"2009-02-04T21:03:12","modified_gmt":"2009-02-04T20:03:12","slug":"green-city-braucht-neue-bluten","status":"publish","type":"post","link":"https:\/\/www.konstantin-goerlich.de\/wordpress\/2009\/02\/04\/green-city-braucht-neue-bluten\/","title":{"rendered":"&#8222;Green City&#8220; braucht neue Bl\u00fcten."},"content":{"rendered":"<p><a href=\"http:\/\/galfr.wordpress.com\/\"><img loading=\"lazy\" decoding=\"async\" class=\"alignright size-full wp-image-365\" style=\"float: right; margin-left: 10px;\" title=\"gaf_logo\" src=\"https:\/\/www.konstantin-goerlich.de\/wordpress\/wp-content\/uploads\/2009\/02\/gaf_logo.jpg\" alt=\"gaf_logo\" width=\"194\" height=\"128\" srcset=\"https:\/\/www.konstantin-goerlich.de\/wordpress\/wp-content\/uploads\/2009\/02\/gaf_logo.jpg 194w, https:\/\/www.konstantin-goerlich.de\/wordpress\/wp-content\/uploads\/2009\/02\/gaf_logo-150x99.jpg 150w\" sizes=\"(max-width: 194px) 100vw, 194px\" \/><\/a>Der Freiburger Gemeinderat wird dieses Jahr neu gew\u00e4hlt. Wir wollen einen Gemeinderat, der die Belange der Freiburger B\u00fcrger und B\u00fcrgerinnen in all ihrer Pluralit\u00e4t und Verschiedenheit vertritt. Unserer Auffassung nach ist dies in der Vergangenheit nicht gen\u00fcgend geschehen.<\/p>\n<p>Wir sch\u00e4tzen Freiburg, weil es tolerant und bunt ist. Aber diese Merkmale einer offenen Stadt, die von vielen, die wir kennen, gew\u00fcnscht und auch vertreten werden, werden im Gemeinderat immer h\u00e4ufiger zu gering gesch\u00e4tzt. Wir sind allerdings der Meinung, dass es sich lohnt, daf\u00fcr zu k\u00e4mpfen, dass Freiburg f\u00fcr uns alle ein Platz bleibt, an dem wir gerne leben m\u00f6chten \u2013 und sich nicht blo\u00df zu einer Stadt der Etiketten entwickelt. Freiburg soll f\u00fcr uns alle ein Platz bleiben, an dem wir weltoffen und umweltbewusst leben k\u00f6nnen.<\/p>\n<p>Unserem Grundsatz nach, steht das menschliche Wohlergehen in Freiheit, Gerechtigkeit und Solidarit\u00e4t im Vordergrund. Dass der Mensch Teil der Natur ist, ist f\u00fcr uns selbstverst\u00e4ndlich \u2013 und damit auch, dass das menschliche Wohlergehen und die Umwelt nicht getrennt voneinander betrachtet werden k\u00f6nnen.<\/p>\n<p>Wir werden deswegen bei der n\u00e4chsten Wahl antreten und diese \u00dcberzeugungen in die Beschl\u00fcsse des Gemeinderates einbringen. Weil wir glauben, dass dies jedoch nur in Kooperation mit vielen Freiburgerinnen und Freiburgern verwirklicht werden kann, m\u00f6chten wir uns mit Euch treffen.<\/p>\n<p>Wenn du Interesse hast, mit uns zu diskutieren und uns zu unterst\u00fctzen, dann bist du herzlich willkommen am Donnerstag,\u00a0<strong>12. Februar 2009 um 19 Uhr<\/strong>\u00a0im Nebenraum der Gastst\u00e4tte\u00a0<strong>Goldene Krone (Kronenstra\u00dfe 6)<\/strong>.<\/p>\n","protected":false},"excerpt":{"rendered":"<p>Der Freiburger Gemeinderat wird dieses Jahr neu gew\u00e4hlt. Wir wollen einen Gemeinderat, der die Belange der Freiburger B\u00fcrger und B\u00fcrgerinnen in all ihrer Pluralit\u00e4t und Verschiedenheit vertritt. Unserer Auffassung nach ist dies in der Vergangenheit nicht gen\u00fcgend geschehen. Wir sch\u00e4tzen Freiburg, weil es tolerant und bunt ist. Aber diese Merkmale einer offenen Stadt, die von &#8230; <\/p>\n<p class=\"read-more-container\"><a title=\"&#8222;Green City&#8220; braucht neue Bl\u00fcten.\" class=\"read-more button\" href=\"https:\/\/www.konstantin-goerlich.de\/wordpress\/2009\/02\/04\/green-city-braucht-neue-bluten\/#more-366\" aria-label=\"Mehr Informationen \u00fcber &#8222;Green City&#8220; braucht neue Bl\u00fcten.\">weiterlesen<\/a><\/p>\n","protected":false},"author":1,"featured_media":0,"comment_status":"open","ping_status":"open","sticky":false,"template":"","format":"standard","meta":{"footnotes":""},"categories":[1],"tags":[],"_links":{"self":[{"href":"https:\/\/www.konstantin-goerlich.de\/wordpress\/wp-json\/wp\/v2\/posts\/366"}],"collection":[{"href":"https:\/\/www.konstantin-goerlich.de\/wordpress\/wp-json\/wp\/v2\/posts"}],"about":[{"href":"https:\/\/www.konstantin-goerlich.de\/wordpress\/wp-json\/wp\/v2\/types\/post"}],"author":[{"embeddable":true,"href":"https:\/\/www.konstantin-goerlich.de\/wordpress\/wp-json\/wp\/v2\/users\/1"}],"replies":[{"embeddable":true,"href":"https:\/\/www.konstantin-goerlich.de\/wordpress\/wp-json\/wp\/v2\/comments?post=366"}],"version-history":[{"count":5,"href":"https:\/\/www.konstantin-goerlich.de\/wordpress\/wp-json\/wp\/v2\/posts\/366\/revisions"}],"predecessor-version":[{"id":371,"href":"https:\/\/www.konstantin-goerlich.de\/wordpress\/wp-json\/wp\/v2\/posts\/366\/revisions\/371"}],"wp:attachment":[{"href":"https:\/\/www.konstantin-goerlich.de\/wordpress\/wp-json\/wp\/v2\/media?parent=366"}],"wp:term":[{"taxonomy":"category","embeddable":true,"href":"https:\/\/www.konstantin-goerlich.de\/wordpress\/wp-json\/wp\/v2\/categories?post=366"},{"taxonomy":"post_tag","embeddable":true,"href":"https:\/\/www.konstantin-goerlich.de\/wordpress\/wp-json\/wp\/v2\/tags?post=366"}],"curies":[{"name":"wp","href":"https:\/\/api.w.org\/{rel}","templated":true}]}}