{"id":36,"date":"2007-01-23T15:12:39","date_gmt":"2007-01-23T14:12:39","guid":{"rendered":"http:\/\/www.konstantin-goerlich.de\/wordpress\/2007\/01\/23\/ja-ich-will\/"},"modified":"2007-01-23T18:00:42","modified_gmt":"2007-01-23T17:00:42","slug":"ja-ich-will","status":"publish","type":"post","link":"https:\/\/www.konstantin-goerlich.de\/wordpress\/2007\/01\/23\/ja-ich-will\/","title":{"rendered":"Ja, ich will!"},"content":{"rendered":"<p>Es ist zwar erst wenige .. Monate .. her, da\u00df mich der u-AStA-Vorstand und vor allem der derzeitige FSK-Referent Julian fragten, ob ich denn vielleicht selbst FSK-Referent werden m\u00f6chte. Ich hatte mir daraufhin reichlich Bedenkzeit teils erbeten, teils genommen und verk\u00fcndet, da\u00df ich mich im Jahr 2006 nicht weiter dazu \u00e4u\u00dfern w\u00fcrde. Hab ich auch nicht getan, aber jetzt haben wir ja 2007 und ich mich entschieden: Ja, ich will!<br \/>\nSo, nun ist es raus, und wer es nicht schon vorab erfahren hatte, der wei\u00df es jetzt. Die FSK mu\u00df nun noch entscheiden, dann ist es sogar offiziell, und dann gibt&#8217;s hier auch noch mehr dazu von mir.<\/p>\n","protected":false},"excerpt":{"rendered":"<p>Es ist zwar erst wenige .. Monate .. her, da\u00df mich der u-AStA-Vorstand und vor allem der derzeitige FSK-Referent Julian fragten, ob ich denn vielleicht selbst FSK-Referent werden m\u00f6chte. Ich hatte mir daraufhin reichlich Bedenkzeit teils erbeten, teils genommen und verk\u00fcndet, da\u00df ich mich im Jahr 2006 nicht weiter dazu \u00e4u\u00dfern w\u00fcrde. Hab ich auch &#8230; <\/p>\n<p class=\"read-more-container\"><a title=\"Ja, ich will!\" class=\"read-more button\" href=\"https:\/\/www.konstantin-goerlich.de\/wordpress\/2007\/01\/23\/ja-ich-will\/#more-36\" aria-label=\"Mehr Informationen \u00fcber Ja, ich will!\">weiterlesen<\/a><\/p>\n","protected":false},"author":1,"featured_media":0,"comment_status":"open","ping_status":"open","sticky":false,"template":"","format":"standard","meta":{"footnotes":""},"categories":[1],"tags":[],"_links":{"self":[{"href":"https:\/\/www.konstantin-goerlich.de\/wordpress\/wp-json\/wp\/v2\/posts\/36"}],"collection":[{"href":"https:\/\/www.konstantin-goerlich.de\/wordpress\/wp-json\/wp\/v2\/posts"}],"about":[{"href":"https:\/\/www.konstantin-goerlich.de\/wordpress\/wp-json\/wp\/v2\/types\/post"}],"author":[{"embeddable":true,"href":"https:\/\/www.konstantin-goerlich.de\/wordpress\/wp-json\/wp\/v2\/users\/1"}],"replies":[{"embeddable":true,"href":"https:\/\/www.konstantin-goerlich.de\/wordpress\/wp-json\/wp\/v2\/comments?post=36"}],"version-history":[{"count":0,"href":"https:\/\/www.konstantin-goerlich.de\/wordpress\/wp-json\/wp\/v2\/posts\/36\/revisions"}],"wp:attachment":[{"href":"https:\/\/www.konstantin-goerlich.de\/wordpress\/wp-json\/wp\/v2\/media?parent=36"}],"wp:term":[{"taxonomy":"category","embeddable":true,"href":"https:\/\/www.konstantin-goerlich.de\/wordpress\/wp-json\/wp\/v2\/categories?post=36"},{"taxonomy":"post_tag","embeddable":true,"href":"https:\/\/www.konstantin-goerlich.de\/wordpress\/wp-json\/wp\/v2\/tags?post=36"}],"curies":[{"name":"wp","href":"https:\/\/api.w.org\/{rel}","templated":true}]}}