{"id":352,"date":"2009-01-31T00:32:46","date_gmt":"2009-01-30T23:32:46","guid":{"rendered":"http:\/\/www.konstantin-goerlich.de\/wordpress\/?p=352"},"modified":"2009-01-31T00:32:46","modified_gmt":"2009-01-30T23:32:46","slug":"politik-gemacht","status":"publish","type":"post","link":"https:\/\/www.konstantin-goerlich.de\/wordpress\/2009\/01\/31\/politik-gemacht\/","title":{"rendered":"Politik gemacht."},"content":{"rendered":"<p>\u201eMacht Politik!\u201c: Diesem Aufruf von Franz M\u00fcntefering waren \u00fcber 250 Studierende gefolgt und erschienen am heutigen Freitagabend zur Pr\u00e4sentation seines gleichnamigen Buchs im gelben <a href=\"http:\/\/www.gebuehrenfreiburg.de\/content\/medien_shirt\">Boykott-T-Shirt<\/a>.<\/p>\n<p>\u201eDass wir es innerhalb eines Tages geschafft haben, so viele Studierende zu motivieren, im <a href=\"http:\/\/www.gebuehrenfreiburg.de\/content\/medien_shirt\">Boykott-T-Shirt<\/a> zur Lesung zu kommen, zeigt wieder einmal, wie stark die <a href=\"http:\/\/www.gebuehrenfreiburg.de\">geb\u00fchrenFRei<\/a>-Kampagne ist\u201c, freut sich Annette Rosner, Mitglied der Fachschaft Politik, die die Idee zur Aktion erst am Vormittag hatte.<\/p>\n<p>Ebenfalls sehr beeindruckt zeigte sich Franz M\u00fcntefering, der sich klar gegen Studiengeb\u00fchren \u00e4u\u00dferte und die Wichtigkeit von geb\u00fchrenfreier Bildung von der KiTa bis zur Uni betonte: \u201eDie Botschaft auf ihren T-Shirts stimmt \u2013 die Farbe nicht\u201c, bekannte M\u00fcntefering. Am Ende bekam der Politiker von Hermann Winterholler, Mitglied der <a href=\"http:\/\/www.gebuehrenfreiburg.de\">geb\u00fchrenFRei<\/a>-Kampagne, ein <a href=\"http:\/\/www.gebuehrenfreiburg.de\/content\/medien_shirt\">Boykott-T-Shirt<\/a> \u00fcberreicht. M\u00fcntefering versprach zudem, sich mit den \u201e<a href=\"http:\/\/www.gebuehrenfreiburg.de\/petition\">Freiburger Forderungen<\/a>\u201c der Kampagne zu besch\u00e4ftigen.<\/p>\n","protected":false},"excerpt":{"rendered":"<p>\u201eMacht Politik!\u201c: Diesem Aufruf von Franz M\u00fcntefering waren \u00fcber 250 Studierende gefolgt und erschienen am heutigen Freitagabend zur Pr\u00e4sentation seines gleichnamigen Buchs im gelben Boykott-T-Shirt. \u201eDass wir es innerhalb eines Tages geschafft haben, so viele Studierende zu motivieren, im Boykott-T-Shirt zur Lesung zu kommen, zeigt wieder einmal, wie stark die geb\u00fchrenFRei-Kampagne ist\u201c, freut sich Annette &#8230; <\/p>\n<p class=\"read-more-container\"><a title=\"Politik gemacht.\" class=\"read-more button\" href=\"https:\/\/www.konstantin-goerlich.de\/wordpress\/2009\/01\/31\/politik-gemacht\/#more-352\" aria-label=\"Mehr Informationen \u00fcber Politik gemacht.\">weiterlesen<\/a><\/p>\n","protected":false},"author":1,"featured_media":0,"comment_status":"open","ping_status":"open","sticky":false,"template":"","format":"standard","meta":{"footnotes":""},"categories":[1],"tags":[],"_links":{"self":[{"href":"https:\/\/www.konstantin-goerlich.de\/wordpress\/wp-json\/wp\/v2\/posts\/352"}],"collection":[{"href":"https:\/\/www.konstantin-goerlich.de\/wordpress\/wp-json\/wp\/v2\/posts"}],"about":[{"href":"https:\/\/www.konstantin-goerlich.de\/wordpress\/wp-json\/wp\/v2\/types\/post"}],"author":[{"embeddable":true,"href":"https:\/\/www.konstantin-goerlich.de\/wordpress\/wp-json\/wp\/v2\/users\/1"}],"replies":[{"embeddable":true,"href":"https:\/\/www.konstantin-goerlich.de\/wordpress\/wp-json\/wp\/v2\/comments?post=352"}],"version-history":[{"count":1,"href":"https:\/\/www.konstantin-goerlich.de\/wordpress\/wp-json\/wp\/v2\/posts\/352\/revisions"}],"predecessor-version":[{"id":353,"href":"https:\/\/www.konstantin-goerlich.de\/wordpress\/wp-json\/wp\/v2\/posts\/352\/revisions\/353"}],"wp:attachment":[{"href":"https:\/\/www.konstantin-goerlich.de\/wordpress\/wp-json\/wp\/v2\/media?parent=352"}],"wp:term":[{"taxonomy":"category","embeddable":true,"href":"https:\/\/www.konstantin-goerlich.de\/wordpress\/wp-json\/wp\/v2\/categories?post=352"},{"taxonomy":"post_tag","embeddable":true,"href":"https:\/\/www.konstantin-goerlich.de\/wordpress\/wp-json\/wp\/v2\/tags?post=352"}],"curies":[{"name":"wp","href":"https:\/\/api.w.org\/{rel}","templated":true}]}}