{"id":35,"date":"2007-01-19T13:56:59","date_gmt":"2007-01-19T12:56:59","guid":{"rendered":"http:\/\/www.konstantin-goerlich.de\/wordpress\/2007\/01\/19\/das-jubilaum-kommt\/"},"modified":"2007-01-19T16:04:49","modified_gmt":"2007-01-19T15:04:49","slug":"das-jubilaum-kommt","status":"publish","type":"post","link":"https:\/\/www.konstantin-goerlich.de\/wordpress\/2007\/01\/19\/das-jubilaum-kommt\/","title":{"rendered":"Das (J)ubil\u00e4um kommt."},"content":{"rendered":"<p>Das unrunde 550. Jubil\u00e4umsjahr der Uni Freiburg hat ganz offensichtlich begonnen: Die Eintrittskarte f\u00fcr das feierliche Er\u00f6ffnungskonzert ziert seit gestern Abend meine Pinnwand. Am 31. Januar gegeben werden die Akademische Festouvert\u00fcre von Brahms sowie Schumanns (Freiburger?) Fr\u00fchlingssinfonie. Uni-Rektor J\u00e4ger und u-AStA-Vorstand Schmeh halten die Er\u00f6ffnungsreden. Anderes gro\u00dfes Ereignis f\u00fcr die Uni wird 2007 die zweite Runde der sogenannten Exzellenzinitiative. Sollten die Studiengeb\u00fchren wider erwarten doch kommen so habe ich noch einen Anschaffungsvorschlag: Software zur Rechtschreibpr\u00fcfung&#8230;<\/p>\n<table>\n<tr>\n<td><a class=\"imagelink\" href=\"https:\/\/www.konstantin-goerlich.de\/wordpress\/wp-content\/uploads\/2007\/01\/karte.JPG\" title=\"karte.JPG\" rel=\"lightbox[35]\"><img decoding=\"async\" id=\"image33\" src=\"https:\/\/www.konstantin-goerlich.de\/wordpress\/wp-content\/uploads\/2007\/01\/karte.thumbnail.JPG\" alt=\"karte.JPG\" \/><\/a><\/td>\n<td width=\"50\"><\/td>\n<td><a class=\"imagelink\" href=\"https:\/\/www.konstantin-goerlich.de\/wordpress\/wp-content\/uploads\/2007\/01\/karte_detail.JPG\" title=\"karte.JPG\" rel=\"lightbox[35]\"><img decoding=\"async\" id=\"image33\" src=\"https:\/\/www.konstantin-goerlich.de\/wordpress\/wp-content\/uploads\/2007\/01\/karte_detail.thumbnail.JPG\" alt=\"karte.JPG\" \/><\/a><\/td>\n<\/tr>\n<\/table>\n","protected":false},"excerpt":{"rendered":"<p>Das unrunde 550. Jubil\u00e4umsjahr der Uni Freiburg hat ganz offensichtlich begonnen: Die Eintrittskarte f\u00fcr das feierliche Er\u00f6ffnungskonzert ziert seit gestern Abend meine Pinnwand. Am 31. Januar gegeben werden die Akademische Festouvert\u00fcre von Brahms sowie Schumanns (Freiburger?) Fr\u00fchlingssinfonie. Uni-Rektor J\u00e4ger und u-AStA-Vorstand Schmeh halten die Er\u00f6ffnungsreden. Anderes gro\u00dfes Ereignis f\u00fcr die Uni wird 2007 die zweite &#8230; <\/p>\n<p class=\"read-more-container\"><a title=\"Das (J)ubil\u00e4um kommt.\" class=\"read-more button\" href=\"https:\/\/www.konstantin-goerlich.de\/wordpress\/2007\/01\/19\/das-jubilaum-kommt\/#more-35\" aria-label=\"Mehr Informationen \u00fcber Das (J)ubil\u00e4um kommt.\">weiterlesen<\/a><\/p>\n","protected":false},"author":1,"featured_media":0,"comment_status":"open","ping_status":"open","sticky":false,"template":"","format":"standard","meta":{"footnotes":""},"categories":[1],"tags":[],"_links":{"self":[{"href":"https:\/\/www.konstantin-goerlich.de\/wordpress\/wp-json\/wp\/v2\/posts\/35"}],"collection":[{"href":"https:\/\/www.konstantin-goerlich.de\/wordpress\/wp-json\/wp\/v2\/posts"}],"about":[{"href":"https:\/\/www.konstantin-goerlich.de\/wordpress\/wp-json\/wp\/v2\/types\/post"}],"author":[{"embeddable":true,"href":"https:\/\/www.konstantin-goerlich.de\/wordpress\/wp-json\/wp\/v2\/users\/1"}],"replies":[{"embeddable":true,"href":"https:\/\/www.konstantin-goerlich.de\/wordpress\/wp-json\/wp\/v2\/comments?post=35"}],"version-history":[{"count":0,"href":"https:\/\/www.konstantin-goerlich.de\/wordpress\/wp-json\/wp\/v2\/posts\/35\/revisions"}],"wp:attachment":[{"href":"https:\/\/www.konstantin-goerlich.de\/wordpress\/wp-json\/wp\/v2\/media?parent=35"}],"wp:term":[{"taxonomy":"category","embeddable":true,"href":"https:\/\/www.konstantin-goerlich.de\/wordpress\/wp-json\/wp\/v2\/categories?post=35"},{"taxonomy":"post_tag","embeddable":true,"href":"https:\/\/www.konstantin-goerlich.de\/wordpress\/wp-json\/wp\/v2\/tags?post=35"}],"curies":[{"name":"wp","href":"https:\/\/api.w.org\/{rel}","templated":true}]}}