{"id":334,"date":"2009-01-26T19:34:26","date_gmt":"2009-01-26T18:34:26","guid":{"rendered":"http:\/\/www.konstantin-goerlich.de\/wordpress\/?p=334"},"modified":"2009-01-26T19:37:14","modified_gmt":"2009-01-26T18:37:14","slug":"gebuhrengegner-aufs-dach-gestiegen","status":"publish","type":"post","link":"https:\/\/www.konstantin-goerlich.de\/wordpress\/2009\/01\/26\/gebuhrengegner-aufs-dach-gestiegen\/","title":{"rendered":"Geb\u00fchrengegner, aufs Dach gestiegen."},"content":{"rendered":"<p><img loading=\"lazy\" decoding=\"async\" class=\"aligncenter size-full wp-image-333\" title=\"gebuehrenfrei_demo_albrecht_touran\" src=\"https:\/\/www.konstantin-goerlich.de\/wordpress\/wp-content\/uploads\/2009\/01\/gebuehrenfrei_demo_albrecht_touran.jpg\" alt=\"gebuehrenfrei_demo_albrecht_touran\" width=\"470\" height=\"597\" srcset=\"https:\/\/www.konstantin-goerlich.de\/wordpress\/wp-content\/uploads\/2009\/01\/gebuehrenfrei_demo_albrecht_touran.jpg 470w, https:\/\/www.konstantin-goerlich.de\/wordpress\/wp-content\/uploads\/2009\/01\/gebuehrenfrei_demo_albrecht_touran-236x300.jpg 236w\" sizes=\"(max-width: 470px) 100vw, 470px\" \/><a href=\"http:\/\/www.u-asta.de\">u-asta<\/a> Vorstand Albrecht Vorster beim Auftakt der heutigen <a href=\"http:\/\/www.gebuehrenfreiburg.de\">geb\u00fchrenFRei<\/a>-Demo mit mehr als 2000 Sch\u00fclern und Studierenden. Man beachte die Bierbankkonstruktion auf dem Touran. Vielen Dank an <a href=\"http:\/\/sbamueller.wordpress.com\/\">Sebastian M\u00fcller<\/a> f\u00fcrs Ausleihen seiner Kamera :-)<\/p>\n","protected":false},"excerpt":{"rendered":"<p>u-asta Vorstand Albrecht Vorster beim Auftakt der heutigen geb\u00fchrenFRei-Demo mit mehr als 2000 Sch\u00fclern und Studierenden. Man beachte die Bierbankkonstruktion auf dem Touran. Vielen Dank an Sebastian M\u00fcller f\u00fcrs Ausleihen seiner Kamera :-)<\/p>\n","protected":false},"author":1,"featured_media":0,"comment_status":"open","ping_status":"open","sticky":false,"template":"","format":"standard","meta":{"footnotes":""},"categories":[1],"tags":[],"_links":{"self":[{"href":"https:\/\/www.konstantin-goerlich.de\/wordpress\/wp-json\/wp\/v2\/posts\/334"}],"collection":[{"href":"https:\/\/www.konstantin-goerlich.de\/wordpress\/wp-json\/wp\/v2\/posts"}],"about":[{"href":"https:\/\/www.konstantin-goerlich.de\/wordpress\/wp-json\/wp\/v2\/types\/post"}],"author":[{"embeddable":true,"href":"https:\/\/www.konstantin-goerlich.de\/wordpress\/wp-json\/wp\/v2\/users\/1"}],"replies":[{"embeddable":true,"href":"https:\/\/www.konstantin-goerlich.de\/wordpress\/wp-json\/wp\/v2\/comments?post=334"}],"version-history":[{"count":2,"href":"https:\/\/www.konstantin-goerlich.de\/wordpress\/wp-json\/wp\/v2\/posts\/334\/revisions"}],"predecessor-version":[{"id":336,"href":"https:\/\/www.konstantin-goerlich.de\/wordpress\/wp-json\/wp\/v2\/posts\/334\/revisions\/336"}],"wp:attachment":[{"href":"https:\/\/www.konstantin-goerlich.de\/wordpress\/wp-json\/wp\/v2\/media?parent=334"}],"wp:term":[{"taxonomy":"category","embeddable":true,"href":"https:\/\/www.konstantin-goerlich.de\/wordpress\/wp-json\/wp\/v2\/categories?post=334"},{"taxonomy":"post_tag","embeddable":true,"href":"https:\/\/www.konstantin-goerlich.de\/wordpress\/wp-json\/wp\/v2\/tags?post=334"}],"curies":[{"name":"wp","href":"https:\/\/api.w.org\/{rel}","templated":true}]}}