{"id":312,"date":"2008-12-11T16:10:12","date_gmt":"2008-12-11T15:10:12","guid":{"rendered":"http:\/\/www.konstantin-goerlich.de\/wordpress\/?p=312"},"modified":"2008-12-11T16:13:06","modified_gmt":"2008-12-11T15:13:06","slug":"radiotipp-heute-1640-uhr","status":"publish","type":"post","link":"https:\/\/www.konstantin-goerlich.de\/wordpress\/2008\/12\/11\/radiotipp-heute-1640-uhr\/","title":{"rendered":"Radiotipp: heute, 16:40 Uhr."},"content":{"rendered":"<div>\n<p><a href=\"http:\/\/www.echo-fm.uni-freiburg.de\/\" target=\"_blank\">echo-fm<\/a>, das Uniradio der Uni Freiburg, nimmt\u00a0die geplante Versch\u00e4rfung des Versammlungsrechts in Baden-W\u00fcrttemberg und die Protestaktionen als Anlass f\u00fcr ein Gespr\u00e4ch zum Thema &#8222;Vertauen ist gut &#8211; Kontrolle ist besser?&#8220;. Offensichtlich soll die staatliche Kontrollt\u00e4tigkeit intensiviert werden. Ist das ein Zeichen der Ohnmacht? Wo bleibt das Vertrauen? Wie weit darf&#8217;s gehen, wie weit muss es gehen d\u00fcrfen? Im Interview: Thorsten Deppner vom <a href=\"http:\/\/www.akj-freiburg.de\/\" target=\"_blank\">akj<\/a>.<\/p>\n<p>echo-fm ist \u00fcber UKW auf 88,4 MHz und per Livestream via\u00a0<a href=\"http:\/\/www.echo-fm.uni-freiburg.de\/\" target=\"_blank\">Internet<\/a>\u00a0empfangbar. Die Diskussion beginnt um 16:40 Uhr.<\/div>\n","protected":false},"excerpt":{"rendered":"<p>echo-fm, das Uniradio der Uni Freiburg, nimmt\u00a0die geplante Versch\u00e4rfung des Versammlungsrechts in Baden-W\u00fcrttemberg und die Protestaktionen als Anlass f\u00fcr ein Gespr\u00e4ch zum Thema &#8222;Vertauen ist gut &#8211; Kontrolle ist besser?&#8220;. Offensichtlich soll die staatliche Kontrollt\u00e4tigkeit intensiviert werden. Ist das ein Zeichen der Ohnmacht? Wo bleibt das Vertrauen? Wie weit darf&#8217;s gehen, wie weit muss es &#8230; <\/p>\n<p class=\"read-more-container\"><a title=\"Radiotipp: heute, 16:40 Uhr.\" class=\"read-more button\" href=\"https:\/\/www.konstantin-goerlich.de\/wordpress\/2008\/12\/11\/radiotipp-heute-1640-uhr\/#more-312\" aria-label=\"Mehr Informationen \u00fcber Radiotipp: heute, 16:40 Uhr.\">weiterlesen<\/a><\/p>\n","protected":false},"author":1,"featured_media":0,"comment_status":"open","ping_status":"open","sticky":false,"template":"","format":"standard","meta":{"footnotes":""},"categories":[1],"tags":[],"_links":{"self":[{"href":"https:\/\/www.konstantin-goerlich.de\/wordpress\/wp-json\/wp\/v2\/posts\/312"}],"collection":[{"href":"https:\/\/www.konstantin-goerlich.de\/wordpress\/wp-json\/wp\/v2\/posts"}],"about":[{"href":"https:\/\/www.konstantin-goerlich.de\/wordpress\/wp-json\/wp\/v2\/types\/post"}],"author":[{"embeddable":true,"href":"https:\/\/www.konstantin-goerlich.de\/wordpress\/wp-json\/wp\/v2\/users\/1"}],"replies":[{"embeddable":true,"href":"https:\/\/www.konstantin-goerlich.de\/wordpress\/wp-json\/wp\/v2\/comments?post=312"}],"version-history":[{"count":3,"href":"https:\/\/www.konstantin-goerlich.de\/wordpress\/wp-json\/wp\/v2\/posts\/312\/revisions"}],"predecessor-version":[{"id":315,"href":"https:\/\/www.konstantin-goerlich.de\/wordpress\/wp-json\/wp\/v2\/posts\/312\/revisions\/315"}],"wp:attachment":[{"href":"https:\/\/www.konstantin-goerlich.de\/wordpress\/wp-json\/wp\/v2\/media?parent=312"}],"wp:term":[{"taxonomy":"category","embeddable":true,"href":"https:\/\/www.konstantin-goerlich.de\/wordpress\/wp-json\/wp\/v2\/categories?post=312"},{"taxonomy":"post_tag","embeddable":true,"href":"https:\/\/www.konstantin-goerlich.de\/wordpress\/wp-json\/wp\/v2\/tags?post=312"}],"curies":[{"name":"wp","href":"https:\/\/api.w.org\/{rel}","templated":true}]}}