{"id":301,"date":"2008-12-08T10:55:35","date_gmt":"2008-12-08T09:55:35","guid":{"rendered":"http:\/\/www.konstantin-goerlich.de\/wordpress\/?p=301"},"modified":"2008-12-08T16:40:12","modified_gmt":"2008-12-08T15:40:12","slug":"bildung-statt-konsum","status":"publish","type":"post","link":"https:\/\/www.konstantin-goerlich.de\/wordpress\/2008\/12\/08\/bildung-statt-konsum\/","title":{"rendered":"Bildung statt Konsum."},"content":{"rendered":"<p><a href=\"http:\/\/www.freiburg-hilft.de\/\"><img loading=\"lazy\" decoding=\"async\" class=\"size-full wp-image-300 alignright\" style=\"float: right; margin-left: 10px; margin-bottom: 10px;\" title=\"rz_AWO_KinderKampagne_A1.indd\" src=\"https:\/\/www.konstantin-goerlich.de\/wordpress\/wp-content\/uploads\/2008\/12\/awo_motiv03_w230.jpg\" alt=\"\" width=\"230\" height=\"325\" srcset=\"https:\/\/www.konstantin-goerlich.de\/wordpress\/wp-content\/uploads\/2008\/12\/awo_motiv03_w230.jpg 230w, https:\/\/www.konstantin-goerlich.de\/wordpress\/wp-content\/uploads\/2008\/12\/awo_motiv03_w230-212x300.jpg 212w\" sizes=\"(max-width: 230px) 100vw, 230px\" \/><\/a>Jedes sechste Kind ist arm. Nicht irgendwo, sondern hier, vor unserer Haust\u00fcr, in Freiburg. Ein klassisches Henne-Ei-Problem ist die Korrelation aus Bildungsferne und Armut: Sie bedingen, erhalten und verst\u00e4rken sich wechselseitig. Alles nichts neues. Was also tun?<\/p>\n<p>W\u00e4hrend auf Bundesebene derzeit Konsumgutscheine f\u00fcr alle diskutiert werden steht in Freiburg nun eine andere Art von Gutscheinen auf der Tagesordnung: Bildungsgutscheine. Mit ihrer konzeptionellen Pr\u00fcfung und ggf. Einf\u00fchrung wird sich der Gemeinderat zu Beginn des kommenden Jahres auf <a href=\"http:\/\/galfr.wordpress.com\/2008\/12\/08\/bildungsgutscheine-fur-freiburger-kinder-und-jugendliche\/\" target=\"_blank\">Antrag der Gr\u00fcnen Alternativen Freiburg (GAF)<\/a> zusammen mit Unabh\u00e4ngigen Listen und SPD besch\u00e4ftigen.<\/p>\n<p>\u00c4hnlich wie bei den Konsumgutscheinen geht es um Zus\u00e4tze, um Extras. Diese kommen jedoch nur marginal der Konjunktur sondern in erster Linie den Kindern zu Gute: Die Rede ist von au\u00dferschulischen Aktivit\u00e4ten, also Sportvereinen, Musikschulen oder Theatergruppen. Dieser entscheidende sekund\u00e4re Bereich ist es, in dem Kinder finanziell bessergestellter Eltern ihren armen Altersgenossen weit voraus sind &#8211; oft mit Folgen f\u00fcr das ganze Leben.<\/p>\n<p>Ist Bildung nicht eigentlich L\u00e4ndersache? Na klar. Aber wenn das Land seiner Verantwortung nicht nachkommt, dann muss die Kommune ran, denn unter Zust\u00e4ndigkeitsstreitereien w\u00fcrden vor allem die Kinder leiden. Und das w\u00e4re nicht hinzunehmen, meint auch GAF-Stadtr\u00e4tin Monika Stein, die sich als\u00a0Hauptschullehrerin an sog. Brennpunktschulen mit dem Thema bestens auskennt.<\/p>\n<p>Fehlt nur noch die Mehrheit im Gemeinderat.<\/p>\n","protected":false},"excerpt":{"rendered":"<p>Jedes sechste Kind ist arm. Nicht irgendwo, sondern hier, vor unserer Haust\u00fcr, in Freiburg. Ein klassisches Henne-Ei-Problem ist die Korrelation aus Bildungsferne und Armut: Sie bedingen, erhalten und verst\u00e4rken sich wechselseitig. Alles nichts neues. Was also tun? W\u00e4hrend auf Bundesebene derzeit Konsumgutscheine f\u00fcr alle diskutiert werden steht in Freiburg nun eine andere Art von Gutscheinen &#8230; <\/p>\n<p class=\"read-more-container\"><a title=\"Bildung statt Konsum.\" class=\"read-more button\" href=\"https:\/\/www.konstantin-goerlich.de\/wordpress\/2008\/12\/08\/bildung-statt-konsum\/#more-301\" aria-label=\"Mehr Informationen \u00fcber Bildung statt Konsum.\">weiterlesen<\/a><\/p>\n","protected":false},"author":1,"featured_media":0,"comment_status":"open","ping_status":"open","sticky":false,"template":"","format":"standard","meta":{"footnotes":""},"categories":[1],"tags":[],"_links":{"self":[{"href":"https:\/\/www.konstantin-goerlich.de\/wordpress\/wp-json\/wp\/v2\/posts\/301"}],"collection":[{"href":"https:\/\/www.konstantin-goerlich.de\/wordpress\/wp-json\/wp\/v2\/posts"}],"about":[{"href":"https:\/\/www.konstantin-goerlich.de\/wordpress\/wp-json\/wp\/v2\/types\/post"}],"author":[{"embeddable":true,"href":"https:\/\/www.konstantin-goerlich.de\/wordpress\/wp-json\/wp\/v2\/users\/1"}],"replies":[{"embeddable":true,"href":"https:\/\/www.konstantin-goerlich.de\/wordpress\/wp-json\/wp\/v2\/comments?post=301"}],"version-history":[{"count":7,"href":"https:\/\/www.konstantin-goerlich.de\/wordpress\/wp-json\/wp\/v2\/posts\/301\/revisions"}],"predecessor-version":[{"id":303,"href":"https:\/\/www.konstantin-goerlich.de\/wordpress\/wp-json\/wp\/v2\/posts\/301\/revisions\/303"}],"wp:attachment":[{"href":"https:\/\/www.konstantin-goerlich.de\/wordpress\/wp-json\/wp\/v2\/media?parent=301"}],"wp:term":[{"taxonomy":"category","embeddable":true,"href":"https:\/\/www.konstantin-goerlich.de\/wordpress\/wp-json\/wp\/v2\/categories?post=301"},{"taxonomy":"post_tag","embeddable":true,"href":"https:\/\/www.konstantin-goerlich.de\/wordpress\/wp-json\/wp\/v2\/tags?post=301"}],"curies":[{"name":"wp","href":"https:\/\/api.w.org\/{rel}","templated":true}]}}