{"id":30,"date":"2007-01-15T17:22:16","date_gmt":"2007-01-15T15:22:16","guid":{"rendered":"http:\/\/www.konstantin-goerlich.de\/wordpress\/2007\/01\/15\/stell-dir-vor\/"},"modified":"2007-01-15T17:23:19","modified_gmt":"2007-01-15T15:23:19","slug":"stell-dir-vor","status":"publish","type":"post","link":"https:\/\/www.konstantin-goerlich.de\/wordpress\/2007\/01\/15\/stell-dir-vor\/","title":{"rendered":"Stell Dir vor &#8230;"},"content":{"rendered":"<table>\n<tr>\n<td><a class=\"imagelink\" href=\"https:\/\/www.konstantin-goerlich.de\/wordpress\/wp-content\/uploads\/2007\/01\/terminal_leer_web.jpg\" title=\"Ungenutzte Terminals in der UB\" rel=\"lightbox[30]\"><img decoding=\"async\" id=\"image29\" src=\"https:\/\/www.konstantin-goerlich.de\/wordpress\/wp-content\/uploads\/2007\/01\/terminal_leer_web.thumbnail.jpg\" alt=\"Ungenutzte Terminals in der UB\" \/><\/a><\/td>\n<td width=\"10\"><\/td>\n<td>Ein Bild, kaum Worte: Heute lief der <a href=\"http:\/\/www.boykott-freiburg.de\" target=\"_blank\">Studiengeb\u00fchrenboykott<\/a> an der Uni Freiburg an &#8211; mit einer massiven Informationskampagne an vielen, vielen St\u00e4nden. Die verwaisten R\u00fcckmeldeterminals in der UB zeigen die gewaltige Resonanz. Alles scheint m\u00f6glich.<\/td>\n<\/tr>\n<\/table>\n","protected":false},"excerpt":{"rendered":"<p>Ein Bild, kaum Worte: Heute lief der Studiengeb\u00fchrenboykott an der Uni Freiburg an &#8211; mit einer massiven Informationskampagne an vielen, vielen St\u00e4nden. Die verwaisten R\u00fcckmeldeterminals in der UB zeigen die gewaltige Resonanz. Alles scheint m\u00f6glich.<\/p>\n","protected":false},"author":1,"featured_media":0,"comment_status":"open","ping_status":"open","sticky":false,"template":"","format":"standard","meta":{"footnotes":""},"categories":[1],"tags":[],"_links":{"self":[{"href":"https:\/\/www.konstantin-goerlich.de\/wordpress\/wp-json\/wp\/v2\/posts\/30"}],"collection":[{"href":"https:\/\/www.konstantin-goerlich.de\/wordpress\/wp-json\/wp\/v2\/posts"}],"about":[{"href":"https:\/\/www.konstantin-goerlich.de\/wordpress\/wp-json\/wp\/v2\/types\/post"}],"author":[{"embeddable":true,"href":"https:\/\/www.konstantin-goerlich.de\/wordpress\/wp-json\/wp\/v2\/users\/1"}],"replies":[{"embeddable":true,"href":"https:\/\/www.konstantin-goerlich.de\/wordpress\/wp-json\/wp\/v2\/comments?post=30"}],"version-history":[{"count":0,"href":"https:\/\/www.konstantin-goerlich.de\/wordpress\/wp-json\/wp\/v2\/posts\/30\/revisions"}],"wp:attachment":[{"href":"https:\/\/www.konstantin-goerlich.de\/wordpress\/wp-json\/wp\/v2\/media?parent=30"}],"wp:term":[{"taxonomy":"category","embeddable":true,"href":"https:\/\/www.konstantin-goerlich.de\/wordpress\/wp-json\/wp\/v2\/categories?post=30"},{"taxonomy":"post_tag","embeddable":true,"href":"https:\/\/www.konstantin-goerlich.de\/wordpress\/wp-json\/wp\/v2\/tags?post=30"}],"curies":[{"name":"wp","href":"https:\/\/api.w.org\/{rel}","templated":true}]}}