{"id":294,"date":"2008-12-03T12:31:37","date_gmt":"2008-12-03T11:31:37","guid":{"rendered":"http:\/\/www.konstantin-goerlich.de\/wordpress\/?p=294"},"modified":"2008-12-03T12:49:51","modified_gmt":"2008-12-03T11:49:51","slug":"boden-der-tatsachen","status":"publish","type":"post","link":"https:\/\/www.konstantin-goerlich.de\/wordpress\/2008\/12\/03\/boden-der-tatsachen\/","title":{"rendered":"Boden der Tatsachen."},"content":{"rendered":"<p>Wie vielerseits bekannt ist wird das Studierendenhaus derzeit renoviert. Dabei werden im 1. OG u.a. neue Fu\u00dfb\u00f6den verlegt. Nach intensiven Vorgespr\u00e4chen fand hierzu nun soeben die abschlie\u00dfende Entscheidungsrunde im Rahmen der Konf statt.<\/p>\n<p><img loading=\"lazy\" decoding=\"async\" class=\"alignnone size-full wp-image-295\" title=\"bodenwahl_gesamt\" src=\"https:\/\/www.konstantin-goerlich.de\/wordpress\/wp-content\/uploads\/2008\/12\/bodenwahl_gesamt.jpg\" alt=\"\" width=\"470\" height=\"352\" srcset=\"https:\/\/www.konstantin-goerlich.de\/wordpress\/wp-content\/uploads\/2008\/12\/bodenwahl_gesamt.jpg 470w, https:\/\/www.konstantin-goerlich.de\/wordpress\/wp-content\/uploads\/2008\/12\/bodenwahl_gesamt-300x225.jpg 300w\" sizes=\"(max-width: 470px) 100vw, 470px\" \/><\/p>\n<p>Beim Auswahlproze\u00df konnte nat\u00fcrlich mitmachen wer wollte, was auch genutzt wurde. Das Verfahren war hart und lang, das Ergebnis (unteres Bild), so kann man guten Gewissens sagen, polarisiert. Es ist aber eine mutige Entscheidung, die zum Studierendenhaus passt. Wenn nicht sogar <em>nur<\/em> zum Studierendenhaus&#8230;<\/p>\n<p><img loading=\"lazy\" decoding=\"async\" class=\"alignnone size-full wp-image-296\" title=\"bodenwahl_ergebnis\" src=\"https:\/\/www.konstantin-goerlich.de\/wordpress\/wp-content\/uploads\/2008\/12\/bodenwahl_ergebnis.jpg\" alt=\"\" width=\"470\" height=\"352\" srcset=\"https:\/\/www.konstantin-goerlich.de\/wordpress\/wp-content\/uploads\/2008\/12\/bodenwahl_ergebnis.jpg 470w, https:\/\/www.konstantin-goerlich.de\/wordpress\/wp-content\/uploads\/2008\/12\/bodenwahl_ergebnis-300x225.jpg 300w\" sizes=\"(max-width: 470px) 100vw, 470px\" \/><\/p>\n<p>Meinungen, Bitte. Die Farbwiedergabe ist an dieser Stelle selbstverst\u00e4ndlich nicht vollkommen naturgetreu, die Orangeanteile sind in Wirklichkeit viel st\u00e4rker.<\/p>\n","protected":false},"excerpt":{"rendered":"<p>Wie vielerseits bekannt ist wird das Studierendenhaus derzeit renoviert. Dabei werden im 1. OG u.a. neue Fu\u00dfb\u00f6den verlegt. Nach intensiven Vorgespr\u00e4chen fand hierzu nun soeben die abschlie\u00dfende Entscheidungsrunde im Rahmen der Konf statt. Beim Auswahlproze\u00df konnte nat\u00fcrlich mitmachen wer wollte, was auch genutzt wurde. Das Verfahren war hart und lang, das Ergebnis (unteres Bild), so &#8230; <\/p>\n<p class=\"read-more-container\"><a title=\"Boden der Tatsachen.\" class=\"read-more button\" href=\"https:\/\/www.konstantin-goerlich.de\/wordpress\/2008\/12\/03\/boden-der-tatsachen\/#more-294\" aria-label=\"Mehr Informationen \u00fcber Boden der Tatsachen.\">weiterlesen<\/a><\/p>\n","protected":false},"author":1,"featured_media":0,"comment_status":"open","ping_status":"open","sticky":false,"template":"","format":"standard","meta":{"footnotes":""},"categories":[1],"tags":[],"_links":{"self":[{"href":"https:\/\/www.konstantin-goerlich.de\/wordpress\/wp-json\/wp\/v2\/posts\/294"}],"collection":[{"href":"https:\/\/www.konstantin-goerlich.de\/wordpress\/wp-json\/wp\/v2\/posts"}],"about":[{"href":"https:\/\/www.konstantin-goerlich.de\/wordpress\/wp-json\/wp\/v2\/types\/post"}],"author":[{"embeddable":true,"href":"https:\/\/www.konstantin-goerlich.de\/wordpress\/wp-json\/wp\/v2\/users\/1"}],"replies":[{"embeddable":true,"href":"https:\/\/www.konstantin-goerlich.de\/wordpress\/wp-json\/wp\/v2\/comments?post=294"}],"version-history":[{"count":3,"href":"https:\/\/www.konstantin-goerlich.de\/wordpress\/wp-json\/wp\/v2\/posts\/294\/revisions"}],"predecessor-version":[{"id":298,"href":"https:\/\/www.konstantin-goerlich.de\/wordpress\/wp-json\/wp\/v2\/posts\/294\/revisions\/298"}],"wp:attachment":[{"href":"https:\/\/www.konstantin-goerlich.de\/wordpress\/wp-json\/wp\/v2\/media?parent=294"}],"wp:term":[{"taxonomy":"category","embeddable":true,"href":"https:\/\/www.konstantin-goerlich.de\/wordpress\/wp-json\/wp\/v2\/categories?post=294"},{"taxonomy":"post_tag","embeddable":true,"href":"https:\/\/www.konstantin-goerlich.de\/wordpress\/wp-json\/wp\/v2\/tags?post=294"}],"curies":[{"name":"wp","href":"https:\/\/api.w.org\/{rel}","templated":true}]}}