{"id":290,"date":"2008-12-02T16:00:25","date_gmt":"2008-12-02T15:00:25","guid":{"rendered":"http:\/\/www.konstantin-goerlich.de\/wordpress\/?p=290"},"modified":"2008-12-02T16:19:24","modified_gmt":"2008-12-02T15:19:24","slug":"demobeobachtung-zeigt-wirkung","status":"publish","type":"post","link":"https:\/\/www.konstantin-goerlich.de\/wordpress\/2008\/12\/02\/demobeobachtung-zeigt-wirkung\/","title":{"rendered":"Demobeobachtung zeigt Wirkung."},"content":{"rendered":"<p>Der Begriff <em>Demonstration<\/em> kommt vom lateinischen <em>demonstrare<\/em>, was soviel bedeutet wie\u00a0<em>zeigen, hinweisen, nachweisen<\/em>. Es geht also um einen Vorgang der Kommunikation, deren Adressat in aller Regel die Bev\u00f6lkerung ist. Diese Kommunikation ist grundrechtlich gesch\u00fctzt.<\/p>\n<p>Seitens des <a href=\"http:\/\/www.akj-freiburg.de\/index.php?page=demo-beobachtung\" target=\"_blank\">Demobeobachtungsteams<\/a> vom <a href=\"http:\/\/www.akj-freiburg.de\" target=\"_blank\">akj<\/a> (Arbeitskreis kritischer Juristinnen und Juristen) und auch durch zahlreiche andere Gruppen wurde in der Vergangenheit immer wieder moniert, eben diese Kommunikation w\u00fcrde durch polizeiliche Ma\u00dfnahmen wie martialisches Auftreten und dichte Abschirmung der Demonstration bis hin zu sog. Wanderkesseln verunm\u00f6glicht, da f\u00fcr Beobachter der Eindruck einer besonders gef\u00e4hrlichen Demonstration entstehen k\u00f6nne. Wie ein Lichtblick mutet da das an, was in einem von einer Demovorbereitungsgruppe der KTS gestern ver\u00f6ffentlichten <a href=\"http:\/\/www.autonome-antifa.org\/spip.php?page=antifa&amp;id_article=114&amp;design=3\" target=\"_blank\">Communiqu\u00e9<\/a>\u00a0bez\u00fcglich einer f\u00fcr den 13.12. angek\u00fcndigten, jedoch nicht angemeldeten Demonstration zu lesen ist:<\/p>\n<blockquote><p>Ein Polizeispalier oder gar ein Wanderkessel, Video\u00fcberwachung und martialisches Auftreten mit Helmen und Schilden w\u00fcrden eine positive Au\u00dfenwirkung der Demonstration beeintr\u00e4chtigen und die DemonstrantInnen provozieren.<\/p>\n<p><strong>Es wurde eine \u201elockere Begleitung\u201c der Demonstration angek\u00fcndigt.<\/strong><\/p><\/blockquote>\n<p>Diese lockere Begleitung wird zu beobachten sein, wenn es nach mir geht auch wieder durch den akj. Sollte sich dies als eine Art neue Freiburger Linie etablieren bleibt zudem zu hoffen, da\u00df diese auch nach dem neuen Baden-W\u00fcrttembergischen Versammlungsgesetz m\u00f6glich bleibt. Landesrecht wird von Bundesrecht verdr\u00e4ngt. Vom Grundgesetz sowieso.<\/p>\n","protected":false},"excerpt":{"rendered":"<p>Der Begriff Demonstration kommt vom lateinischen demonstrare, was soviel bedeutet wie\u00a0zeigen, hinweisen, nachweisen. Es geht also um einen Vorgang der Kommunikation, deren Adressat in aller Regel die Bev\u00f6lkerung ist. Diese Kommunikation ist grundrechtlich gesch\u00fctzt. Seitens des Demobeobachtungsteams vom akj (Arbeitskreis kritischer Juristinnen und Juristen) und auch durch zahlreiche andere Gruppen wurde in der Vergangenheit immer &#8230; <\/p>\n<p class=\"read-more-container\"><a title=\"Demobeobachtung zeigt Wirkung.\" class=\"read-more button\" href=\"https:\/\/www.konstantin-goerlich.de\/wordpress\/2008\/12\/02\/demobeobachtung-zeigt-wirkung\/#more-290\" aria-label=\"Mehr Informationen \u00fcber Demobeobachtung zeigt Wirkung.\">weiterlesen<\/a><\/p>\n","protected":false},"author":1,"featured_media":0,"comment_status":"open","ping_status":"open","sticky":false,"template":"","format":"standard","meta":{"footnotes":""},"categories":[1],"tags":[],"_links":{"self":[{"href":"https:\/\/www.konstantin-goerlich.de\/wordpress\/wp-json\/wp\/v2\/posts\/290"}],"collection":[{"href":"https:\/\/www.konstantin-goerlich.de\/wordpress\/wp-json\/wp\/v2\/posts"}],"about":[{"href":"https:\/\/www.konstantin-goerlich.de\/wordpress\/wp-json\/wp\/v2\/types\/post"}],"author":[{"embeddable":true,"href":"https:\/\/www.konstantin-goerlich.de\/wordpress\/wp-json\/wp\/v2\/users\/1"}],"replies":[{"embeddable":true,"href":"https:\/\/www.konstantin-goerlich.de\/wordpress\/wp-json\/wp\/v2\/comments?post=290"}],"version-history":[{"count":2,"href":"https:\/\/www.konstantin-goerlich.de\/wordpress\/wp-json\/wp\/v2\/posts\/290\/revisions"}],"predecessor-version":[{"id":293,"href":"https:\/\/www.konstantin-goerlich.de\/wordpress\/wp-json\/wp\/v2\/posts\/290\/revisions\/293"}],"wp:attachment":[{"href":"https:\/\/www.konstantin-goerlich.de\/wordpress\/wp-json\/wp\/v2\/media?parent=290"}],"wp:term":[{"taxonomy":"category","embeddable":true,"href":"https:\/\/www.konstantin-goerlich.de\/wordpress\/wp-json\/wp\/v2\/categories?post=290"},{"taxonomy":"post_tag","embeddable":true,"href":"https:\/\/www.konstantin-goerlich.de\/wordpress\/wp-json\/wp\/v2\/tags?post=290"}],"curies":[{"name":"wp","href":"https:\/\/api.w.org\/{rel}","templated":true}]}}