{"id":286,"date":"2008-11-25T09:50:30","date_gmt":"2008-11-25T08:50:30","guid":{"rendered":"http:\/\/www.konstantin-goerlich.de\/wordpress\/?p=286"},"modified":"2008-11-25T09:50:30","modified_gmt":"2008-11-25T08:50:30","slug":"strafverfolgung-von-polizeigewalt","status":"publish","type":"post","link":"https:\/\/www.konstantin-goerlich.de\/wordpress\/2008\/11\/25\/strafverfolgung-von-polizeigewalt\/","title":{"rendered":"Strafverfolgung von Polizeigewalt."},"content":{"rendered":"<blockquote><p>[&#8230;], sondern gibt es klare Rechtsgrundlagen f\u00fcr das Einschreiten der staatlichen Sicherheitsorgane. Wenn diese sich nicht ans Recht halten, steht auch der Weg vor die Verwaltungsgerichte f\u00fcr die Betroffenen offen. [&#8230;]<\/p><\/blockquote>\n<p>Zynische Kommentare wie dieser von <a href=\"http:\/\/seylaw.blogspot.com\/\" target=\"_blank\">Marcus<\/a> in der\u00a0<a href=\"https:\/\/www.konstantin-goerlich.de\/wordpress\/2008\/11\/18\/prof-hefendehl-und-seine-ddr-jacke-2-nachtrage\/\" target=\"_blank\">Diskussion<\/a> um Prof. Hefendehl und seine DDR-Jacke zeigen, da\u00df die oftmals bestehende Diskrepanz zwischen Theorie und Praxis schnell mal aus dem Blickfeld ger\u00e4t. Dem will RA Katja Barth heute abhelfen. Unter dem Titel &#8222;<a href=\"http:\/\/www.akj-freiburg.de\/index.php?mact=News,cntnt01,detail,0&amp;cntnt01articleid=35&amp;cntnt01origid=15&amp;cntnt01returnid=15\" target=\"_blank\">Strafverfolgung von Polizeigewalt &#8211;\u00a0Praxis, H\u00fcrden, Gegenstrategien<\/a>&#8220; berichtet sie <strong>heute Abend um 20 Uhr im HS 109<\/strong><strong>8<\/strong>, w<span>arum Gewalt und mangelhafte Ahndung strukturell bedingt sind. Der Vortrag geht auf die Strafverfolgung von polizeilichen \u00dcbergriffen ein, benennt Gr\u00fcnde f\u00fcr die Straflosigkeit und sucht nach Gegenwirkung und -strategie<\/span>. Ein nicht nur f\u00fcr alle Jurastudierenden wertvoller Blick in die Praxis jenseits klarer Rechtsgrundlagen.<\/p>\n","protected":false},"excerpt":{"rendered":"<p>[&#8230;], sondern gibt es klare Rechtsgrundlagen f\u00fcr das Einschreiten der staatlichen Sicherheitsorgane. Wenn diese sich nicht ans Recht halten, steht auch der Weg vor die Verwaltungsgerichte f\u00fcr die Betroffenen offen. [&#8230;] Zynische Kommentare wie dieser von Marcus in der\u00a0Diskussion um Prof. Hefendehl und seine DDR-Jacke zeigen, da\u00df die oftmals bestehende Diskrepanz zwischen Theorie und Praxis &#8230; <\/p>\n<p class=\"read-more-container\"><a title=\"Strafverfolgung von Polizeigewalt.\" class=\"read-more button\" href=\"https:\/\/www.konstantin-goerlich.de\/wordpress\/2008\/11\/25\/strafverfolgung-von-polizeigewalt\/#more-286\" aria-label=\"Mehr Informationen \u00fcber Strafverfolgung von Polizeigewalt.\">weiterlesen<\/a><\/p>\n","protected":false},"author":1,"featured_media":0,"comment_status":"open","ping_status":"open","sticky":false,"template":"","format":"standard","meta":{"footnotes":""},"categories":[1],"tags":[],"_links":{"self":[{"href":"https:\/\/www.konstantin-goerlich.de\/wordpress\/wp-json\/wp\/v2\/posts\/286"}],"collection":[{"href":"https:\/\/www.konstantin-goerlich.de\/wordpress\/wp-json\/wp\/v2\/posts"}],"about":[{"href":"https:\/\/www.konstantin-goerlich.de\/wordpress\/wp-json\/wp\/v2\/types\/post"}],"author":[{"embeddable":true,"href":"https:\/\/www.konstantin-goerlich.de\/wordpress\/wp-json\/wp\/v2\/users\/1"}],"replies":[{"embeddable":true,"href":"https:\/\/www.konstantin-goerlich.de\/wordpress\/wp-json\/wp\/v2\/comments?post=286"}],"version-history":[{"count":1,"href":"https:\/\/www.konstantin-goerlich.de\/wordpress\/wp-json\/wp\/v2\/posts\/286\/revisions"}],"predecessor-version":[{"id":287,"href":"https:\/\/www.konstantin-goerlich.de\/wordpress\/wp-json\/wp\/v2\/posts\/286\/revisions\/287"}],"wp:attachment":[{"href":"https:\/\/www.konstantin-goerlich.de\/wordpress\/wp-json\/wp\/v2\/media?parent=286"}],"wp:term":[{"taxonomy":"category","embeddable":true,"href":"https:\/\/www.konstantin-goerlich.de\/wordpress\/wp-json\/wp\/v2\/categories?post=286"},{"taxonomy":"post_tag","embeddable":true,"href":"https:\/\/www.konstantin-goerlich.de\/wordpress\/wp-json\/wp\/v2\/tags?post=286"}],"curies":[{"name":"wp","href":"https:\/\/api.w.org\/{rel}","templated":true}]}}