{"id":269,"date":"2008-11-18T15:15:41","date_gmt":"2008-11-18T14:15:41","guid":{"rendered":"http:\/\/www.konstantin-goerlich.de\/wordpress\/?p=269"},"modified":"2008-11-18T15:15:41","modified_gmt":"2008-11-18T14:15:41","slug":"prof-hefendehl-und-seine-ddr-jacke-2-nachtrage","status":"publish","type":"post","link":"https:\/\/www.konstantin-goerlich.de\/wordpress\/2008\/11\/18\/prof-hefendehl-und-seine-ddr-jacke-2-nachtrage\/","title":{"rendered":"Prof. Hefendehl und seine DDR-Jacke: 2 Nachtr\u00e4ge."},"content":{"rendered":"<p>ad 1: Ein (nat\u00fcrlich nicht abgedruckter&#8230;) BZ-Leserbrief von J. P. Thurn:<\/p>\n<blockquote><p>Wenn der Nachwuchs der Filbinger-Partei die &#8222;Verharmlosung&#8220; der Verbrechen eines &#8222;Unrechtsstaates&#8220; beklagt, ist das schon etwas eigenartig. Sp\u00e4testens wenn der\u00a0<span class=\"nfakPe\">RCDS<\/span>\u00a0fast im gleichen Atemzug die geheimdienstliche Beobachtung der &#8222;Linken.SDS&#8220; fordert, weil die \u00f6ffentliche Marx-Lesekreise organisiert, ist klar, wes Geistes Kind diese vorgeblich um B\u00fcrgerrechte bem\u00fchte Gruppe ist. Dass Volk und Co. von Prof. Hefendehl, der &#8211; nicht nur in seiner Vorlesung &#8211; konsequent liberal-rechtsstaatliche Positionen vertritt, eine &#8222;Distanzierung&#8220; von der DDR verlangen, ist nun wirklich zu viel des Bl\u00f6den.<\/p><\/blockquote>\n<p>ad 2: Das Rektorat hat die Bekleidungsvorschrift nochmals best\u00e4tigt, wie fudder.de <a href=\"http:\/\/fudder.de\/index.php?id=163&amp;tx_ttnews%5Btt_news%5D=9771\" target=\"_blank\">berichtet<\/a>. Rektor Schiewer gehe davon aus, da\u00df das Tragen der DDR-Jacke in der Vorlesung ein einmaliger Vorgang gewesen sei. Es k\u00f6nnte gut sein, da\u00df sich die Studierendenvertretung nun doch mit der ganzen Sache besch\u00e4ftigen muss, z.B. heute in der Fachschaftenkonferenz (FSK).<\/p>\n","protected":false},"excerpt":{"rendered":"<p>ad 1: Ein (nat\u00fcrlich nicht abgedruckter&#8230;) BZ-Leserbrief von J. P. Thurn: Wenn der Nachwuchs der Filbinger-Partei die &#8222;Verharmlosung&#8220; der Verbrechen eines &#8222;Unrechtsstaates&#8220; beklagt, ist das schon etwas eigenartig. Sp\u00e4testens wenn der\u00a0RCDS\u00a0fast im gleichen Atemzug die geheimdienstliche Beobachtung der &#8222;Linken.SDS&#8220; fordert, weil die \u00f6ffentliche Marx-Lesekreise organisiert, ist klar, wes Geistes Kind diese vorgeblich um B\u00fcrgerrechte bem\u00fchte &#8230; <\/p>\n<p class=\"read-more-container\"><a title=\"Prof. Hefendehl und seine DDR-Jacke: 2 Nachtr\u00e4ge.\" class=\"read-more button\" href=\"https:\/\/www.konstantin-goerlich.de\/wordpress\/2008\/11\/18\/prof-hefendehl-und-seine-ddr-jacke-2-nachtrage\/#more-269\" aria-label=\"Mehr Informationen \u00fcber Prof. Hefendehl und seine DDR-Jacke: 2 Nachtr\u00e4ge.\">weiterlesen<\/a><\/p>\n","protected":false},"author":1,"featured_media":0,"comment_status":"open","ping_status":"open","sticky":false,"template":"","format":"standard","meta":{"footnotes":""},"categories":[1],"tags":[],"_links":{"self":[{"href":"https:\/\/www.konstantin-goerlich.de\/wordpress\/wp-json\/wp\/v2\/posts\/269"}],"collection":[{"href":"https:\/\/www.konstantin-goerlich.de\/wordpress\/wp-json\/wp\/v2\/posts"}],"about":[{"href":"https:\/\/www.konstantin-goerlich.de\/wordpress\/wp-json\/wp\/v2\/types\/post"}],"author":[{"embeddable":true,"href":"https:\/\/www.konstantin-goerlich.de\/wordpress\/wp-json\/wp\/v2\/users\/1"}],"replies":[{"embeddable":true,"href":"https:\/\/www.konstantin-goerlich.de\/wordpress\/wp-json\/wp\/v2\/comments?post=269"}],"version-history":[{"count":1,"href":"https:\/\/www.konstantin-goerlich.de\/wordpress\/wp-json\/wp\/v2\/posts\/269\/revisions"}],"predecessor-version":[{"id":270,"href":"https:\/\/www.konstantin-goerlich.de\/wordpress\/wp-json\/wp\/v2\/posts\/269\/revisions\/270"}],"wp:attachment":[{"href":"https:\/\/www.konstantin-goerlich.de\/wordpress\/wp-json\/wp\/v2\/media?parent=269"}],"wp:term":[{"taxonomy":"category","embeddable":true,"href":"https:\/\/www.konstantin-goerlich.de\/wordpress\/wp-json\/wp\/v2\/categories?post=269"},{"taxonomy":"post_tag","embeddable":true,"href":"https:\/\/www.konstantin-goerlich.de\/wordpress\/wp-json\/wp\/v2\/tags?post=269"}],"curies":[{"name":"wp","href":"https:\/\/api.w.org\/{rel}","templated":true}]}}