{"id":238,"date":"2008-11-09T09:52:52","date_gmt":"2008-11-09T08:52:52","guid":{"rendered":"http:\/\/www.konstantin-goerlich.de\/wordpress\/?p=238"},"modified":"2008-11-09T10:15:26","modified_gmt":"2008-11-09T09:15:26","slug":"ddr-jacke-von-prof-hefendehlhat-funktioniert","status":"publish","type":"post","link":"https:\/\/www.konstantin-goerlich.de\/wordpress\/2008\/11\/09\/ddr-jacke-von-prof-hefendehlhat-funktioniert\/","title":{"rendered":"Hat funktioniert."},"content":{"rendered":"<p>Kann man sagen, wenn eine gezielte Provokation die beabsichtigte (oder wenigstens irgendeine) Reaktion hervorruft. So gesehen gl\u00e4nzt die blaue DDR-Trainingsjacke von Prof. Hefendehl seit Dienstag mit Plan\u00fcbererf\u00fcllung. Auch der <span style=\"text-decoration: line-through;\">Rechts-Conservative Deutsche Studentenbund<\/span> Ring Christlich-Demokratischer Studenten (RCDS) hat irgendwie sein Ziel erreicht. Mit einer als <a href=\"http:\/\/www.rcds-freiburg.de\/downloads\/Pressemitteilung%20Hefendehl.pdf\" target=\"_blank\">Pressemitteilung<\/a> getarnten humoristischen Glanzleistung hat er sich f\u00fcr einen medialen Augenblick an den eigenen gegelten Haaren aus dem Sumpf der politischen Bedeutungslosigkeit gezogen. Alle Achtung.<\/p>\n<blockquote><p>Professor Hefendehl erschien zu seiner Vorlesung in einem Pullover mit den Insignien der DDR, Hammer und Sichel, und der Aufschrift &#8222;DDR&#8220;.<\/p><\/blockquote>\n<p><img loading=\"lazy\" decoding=\"async\" class=\"alignright size-full wp-image-240\" style=\"float: right; margin-left: 10px;\" title=\"ddr_sowj_briefmarke_180w\" src=\"https:\/\/www.konstantin-goerlich.de\/wordpress\/wp-content\/uploads\/2008\/11\/ddr_sowj_briefmarke_180w.jpg\" alt=\"\" width=\"180\" height=\"112\" srcset=\"https:\/\/www.konstantin-goerlich.de\/wordpress\/wp-content\/uploads\/2008\/11\/ddr_sowj_briefmarke_180w.jpg 180w, https:\/\/www.konstantin-goerlich.de\/wordpress\/wp-content\/uploads\/2008\/11\/ddr_sowj_briefmarke_180w-150x93.jpg 150w\" sizes=\"(max-width: 180px) 100vw, 180px\" \/>Diese Zeile aus der fraglichen Pressemitteilung wirkt gleich doppelt so gut wenn man bedenkt, da\u00df Thomas Volk, gef\u00fchlter Hauptbestandteil und Vorsitzender des Freiburger RCDS, nicht nur Islamwissenschaften sondern auch &#8211; tats\u00e4chlich &#8211; Geschichte studiert. Man mu\u00df nicht unbedingt die Philatelie bem\u00fchen, um sich die Hoheitszeichen zweier Unrechtsregime nochmal vor Augen zu f\u00fchren. Da es hier aber um Christdemokraten geht, die es ja bekanntlich mit der Aufarbeitung ihrer eigenen Rolle in verschiedensten Diktaturen auf deutschem Boden gerne mal nicht so genau nehmen, sei ein Blick auf nebenstehendes Postwertzeichen der Deutschen Post gestattet. Hammer und Sichel = Sowjetunion, Hammer und Zirkel im \u00c4hrenkranz = DDR. Soviel Zeit muss sein.<\/p>\n<p>Wie ist das nun also mit der Jacke? Nicht neu, auf alle F\u00e4lle. In einer Diskussionsrunde Ende Januar zu den Alkoholverboten im \u00f6ffentlichen Raum tauchte das Kleidungsst\u00fcck bereits auf und wurde umgehend zum Diskussionsobjekt. In einem <a href=\"http:\/\/fudder.de\/artikel\/2008\/01\/31\/saufen-hinterm-martinstor-reden-uebers-alkoholverbot\/\" target=\"_blank\">Kommentar<\/a> bei fudder.de hei\u00dft es dazu:<\/p>\n<blockquote><p>&#8222;Seinem Staatsverst\u00e4ndnis nach sollte sich der Staat auf seine Aufgaben beschr\u00e4nken und nicht auf Verdacht in Bereiche des Privatlebens eingreifen, in denen er nichts zu suchen hat.&#8220;<br \/>\nDiese Aussage kann ich nur unterschreiben. <strong>So gesehen finde ich auch die DDR-Jacke als perfide Protestform immer besser, je l\u00e4nger ich dr\u00fcber nachdenke.<\/strong><\/p><\/blockquote>\n<p>Nun hat es diese perfide Protestform als gezielte Provokation mit dem Ziel eine &#8222;<em>Diskussion \u00fcber die Legitimit\u00e4t von Strafrecht, die Relevanz eines Rechtsgutes, T\u00e4ter hinter dem T\u00e4ter z.B. bei Mauersch\u00fctzen und auch\u00a0<span style=\"font-style: normal; \"><em>die Intensivierung der Strafverfolgung und Gefahrenabwehr zunehmend durch heimliche \u00dcberwachungsma\u00dfnahmen auch gegen\u00fcber Unverd\u00e4chtigen&#8220;<\/em> (so Prof. Hefendehl in seiner <a href=\"http:\/\/www.strafrecht-online.org\/index.php?extern_id=adapt&amp;n=pm_rcds&amp;x=pdf&amp;sec=easylink\" target=\"_blank\">Stellungnahme vom 6.11.<\/a>) auszul\u00f6sen in die regionalen und \u00fcberregionalen Medien geschafft. Der <a href=\"http:\/\/www.swr.de\/nachrichten\/bw\/-\/id=1622\/nid=1622\/did=4165344\/1w77zyu\/index.html\" target=\"_blank\">SWR<\/a> will auf der Jacke sogar das Emblem der SED ausgemacht haben w\u00e4hrend die Badische Zeitung in einem spritzigen <a href=\"http:\/\/www.badische-zeitung.de\/freiburg\/professor-haelt-vorlesung-in-ddr-sportjacke--7521954.html\" target=\"_blank\">Artikel<\/a> Volks oben erw\u00e4hnte Sichel-Zirkel-Verwechslung im Zitat kurzerhand korrigiert. Sogar <a href=\"http:\/\/www.spiegel.de\/unispiegel\/studium\/0,1518,589167,00.html\" target=\"_blank\">SpiegelOnline<\/a> ist die vermeintliche Aff\u00e4re wichtig genug, um sie nicht dem ansonsten f\u00fcr Freiburger Unithemen zust\u00e4ndigen und als Stipendiat der Konrad-Adenauer-Stiftung und geb\u00fcrtigem DDR-B\u00fcrger eigentlich f\u00fcr das Thema pr\u00e4destinierten <a href=\"http:\/\/www.spiegel.de\/unispiegel\/studium\/0,1518,587371,00.html\" target=\"_blank\">Marc R\u00f6hlig<\/a> zu \u00fcberlassen. In der (Freiburger) Blogosph\u00e4re hat es Thorsten bei gruenesfreiburg.de gleich mal die Sprache <a href=\"http:\/\/www.gruenesfreiburg.de\/2008\/11\/06\/es-kommt-noch-besser-rcds-will-kleidungsvorschriften-fuer-professoren\/\" target=\"_blank\">verschlagen<\/a>, w\u00e4hrend sich Marcus Seyfarth auf seylaw.blogspot.com der RCDS&#8217;schen Skandalrhetorik <a href=\"http:\/\/seylaw.blogspot.com\/2008\/11\/hefendehl-skandal.html\" target=\"_blank\">anschlie\u00dft<\/a>.<\/span><\/em><\/p>\n<p>Um die Sache geht es ohnehin kaum. In Hefendehls Lehrstuhlforum auf strafrecht-online.org sammeln sich in einem eigenen (lesenswerten!)\u00a0<a href=\"http:\/\/www.strafrecht-online.org\/third-party\/phpBB2\/showthread.php?t=361\" target=\"_blank\">Thread<\/a> allerlei Reaktionen, die ihn in ihrer Mehrzahl begl\u00fcckw\u00fcnschen. Der kritisch denkende und zu kritischem Denken anregende Professor als Exot in der Hochschullandschaft? Armes Bildungsdeutschland! Da passt geradezu ins Bild, da\u00df einer der irritierenden Kommentare mal wieder aus dem Rektorat kommt. SpiegelOnline zitiert den gerademal gut einen Monat in Amt und W\u00fcrden befindlichen Freiburger Unirektor Prof. Schiewer mit den Worten:<em> &#8222;Ich gehe davon aus, dass das Tragen einer solchen Jacke ab sofort unterbleibt.&#8220;<\/em>. Ich gehe davon aus, da\u00df Prof. Schiewer hier falsch oder gar jemand anderes zitiert wird, denn mit einer solchen Bekleidungsvorschrift st\u00fcnde er zwar gemeinsam mit dem RCDS aber doch einigerma\u00dfen allein auf weiter Flur. Ich jedenfalls muss dem Rektor in diesem Punkt energisch widersprechen und auch das Dekanat der juristischen Fakult\u00e4t samt angeschlossener Fachschaft stehen hinter Prof. Hefendehl, die weit \u00fcberwiegende Mehrzahl seiner Studierenden sowieso. Bekleidungsvorschriften in einem Umfeld, das zu kritischer Reflexion anregen soll einzuf\u00fchren w\u00e4re ein falsches Signal.<\/p>\n<p style=\"text-align: center; \"><img loading=\"lazy\" decoding=\"async\" class=\"aligncenter size-full wp-image-241\" title=\"ddr_zeugniskopf_kg\" src=\"https:\/\/www.konstantin-goerlich.de\/wordpress\/wp-content\/uploads\/2008\/11\/ddr_zeugniskopf_kg.jpg\" alt=\"\" width=\"470\" height=\"199\" srcset=\"https:\/\/www.konstantin-goerlich.de\/wordpress\/wp-content\/uploads\/2008\/11\/ddr_zeugniskopf_kg.jpg 470w, https:\/\/www.konstantin-goerlich.de\/wordpress\/wp-content\/uploads\/2008\/11\/ddr_zeugniskopf_kg-300x127.jpg 300w\" sizes=\"(max-width: 470px) 100vw, 470px\" \/><\/p>\n<p>Das ist \u00fcbrigens der Kopf meines allerersten Schulzeugnisses (und: ja, das was da durchscheint sind alles Einsen). Zum reflexartigen Aufschrei von Rechts, das Tragen der fraglichen Jacke verletze\u00a0auch Studentinnen und Studenten und deren Familien, die unter dem DDR-Regime gelitten haben, in ihrer W\u00fcrde, habe ich n\u00e4mlich noch gar nichts gesagt.<\/p>\n<p>Kurzum: DDR- wie auch anderes Unrecht darf sich niemals wiederholen. Unrecht wiederholt sich aber, wie uns die Geschichte zeigt. G\u00e4be es weniger Unrecht, wenn es mehr kritische Geister wie Prof. Hefendehl g\u00e4be? Gut m\u00f6glich. Sind Verbote und \u00dcberwachung der richtige Weg? Wohl kaum. Wer exzellente Lehre mit disziplinarrechtlichen Ma\u00dfnahmen und Bekleidungsvorschriften belegt sehen will (und gleichzeitig beim kleinsten Anzeichen von Andersdenkenden gleich nach dem Verfassungsschutz <a href=\"http:\/\/www.gruenesfreiburg.de\/2008\/11\/05\/volki-und-die-boesen-linken\/\" target=\"_blank\">ruft<\/a>), der schadet unserer freiheitlichen Demokratie mehr, als er ihr nutzen m\u00f6chte, und das verletzt mich, der ich den Unterschied zwischen DDR und nicht-DDR von einem auf das andere Schuljahr selbst erlebt habe. Gerade heute, am 19. und 70. Jahrestag des 9. November.<\/p>\n","protected":false},"excerpt":{"rendered":"<p>Kann man sagen, wenn eine gezielte Provokation die beabsichtigte (oder wenigstens irgendeine) Reaktion hervorruft. So gesehen gl\u00e4nzt die blaue DDR-Trainingsjacke von Prof. Hefendehl seit Dienstag mit Plan\u00fcbererf\u00fcllung. Auch der Rechts-Conservative Deutsche Studentenbund Ring Christlich-Demokratischer Studenten (RCDS) hat irgendwie sein Ziel erreicht. Mit einer als Pressemitteilung getarnten humoristischen Glanzleistung hat er sich f\u00fcr einen medialen Augenblick &#8230; <\/p>\n<p class=\"read-more-container\"><a title=\"Hat funktioniert.\" class=\"read-more button\" href=\"https:\/\/www.konstantin-goerlich.de\/wordpress\/2008\/11\/09\/ddr-jacke-von-prof-hefendehlhat-funktioniert\/#more-238\" aria-label=\"Mehr Informationen \u00fcber Hat funktioniert.\">weiterlesen<\/a><\/p>\n","protected":false},"author":1,"featured_media":0,"comment_status":"open","ping_status":"open","sticky":false,"template":"","format":"standard","meta":{"footnotes":""},"categories":[1],"tags":[],"_links":{"self":[{"href":"https:\/\/www.konstantin-goerlich.de\/wordpress\/wp-json\/wp\/v2\/posts\/238"}],"collection":[{"href":"https:\/\/www.konstantin-goerlich.de\/wordpress\/wp-json\/wp\/v2\/posts"}],"about":[{"href":"https:\/\/www.konstantin-goerlich.de\/wordpress\/wp-json\/wp\/v2\/types\/post"}],"author":[{"embeddable":true,"href":"https:\/\/www.konstantin-goerlich.de\/wordpress\/wp-json\/wp\/v2\/users\/1"}],"replies":[{"embeddable":true,"href":"https:\/\/www.konstantin-goerlich.de\/wordpress\/wp-json\/wp\/v2\/comments?post=238"}],"version-history":[{"count":18,"href":"https:\/\/www.konstantin-goerlich.de\/wordpress\/wp-json\/wp\/v2\/posts\/238\/revisions"}],"predecessor-version":[{"id":262,"href":"https:\/\/www.konstantin-goerlich.de\/wordpress\/wp-json\/wp\/v2\/posts\/238\/revisions\/262"}],"wp:attachment":[{"href":"https:\/\/www.konstantin-goerlich.de\/wordpress\/wp-json\/wp\/v2\/media?parent=238"}],"wp:term":[{"taxonomy":"category","embeddable":true,"href":"https:\/\/www.konstantin-goerlich.de\/wordpress\/wp-json\/wp\/v2\/categories?post=238"},{"taxonomy":"post_tag","embeddable":true,"href":"https:\/\/www.konstantin-goerlich.de\/wordpress\/wp-json\/wp\/v2\/tags?post=238"}],"curies":[{"name":"wp","href":"https:\/\/api.w.org\/{rel}","templated":true}]}}