{"id":235,"date":"2008-10-21T21:29:59","date_gmt":"2008-10-21T19:29:59","guid":{"rendered":"http:\/\/www.konstantin-goerlich.de\/wordpress\/?p=235"},"modified":"2008-10-21T21:49:38","modified_gmt":"2008-10-21T19:49:38","slug":"keine-diskussion","status":"publish","type":"post","link":"https:\/\/www.konstantin-goerlich.de\/wordpress\/2008\/10\/21\/keine-diskussion\/","title":{"rendered":"Keine Diskussion?"},"content":{"rendered":"<blockquote><p>Studiengeb\u00fchren werden nicht mehr diskutiert sondern bezahlt.<\/p><\/blockquote>\n<p>Mit diesem ebenso absurden wie f\u00fcr viele Betroffene sicherlich verletzenden Satz hat sich die daf\u00fcr verantwortliche Stabsstelle f\u00fcr Kommunikation und Presse der Uni Freiburg in ihrem heutigen <a href=\"http:\/\/www.studium.uni-freiburg.de\/newsletter\/2008\/9\/studiengebuehren.html\" target=\"_blank\">Newsletter<\/a> mal wieder einigerma\u00dfen selbst ins Knie geschossen. Unter den Studierenden, sei es im AK Studiengeb\u00fchren, bei der <a href=\"http:\/\/www.u-asta.uni-freiburg.de\/\" target=\"_blank\">Studierendenvertretung<\/a> \u00fcberhaupt und sicherlich auch sonst vielerorts in der Studierendenschaft wird schlie\u00dflich jeden Tag viel \u00fcber Studiengeb\u00fchren diskutiert: Verwendung, Verschwendung, Befreiung, Abschaffung und viele andere Themen mehr. Das Rektorat, so scheint es, m\u00f6chte lieber Zahlungen ohne Diskussion.<\/p>\n<p>Zudem ist es mittlerweile quasi amtlich: Studiengeb\u00fchren schrecken ab, und zwar von der Aufnahme eines Studiums. Zu diesem Ergebnis kommt nun auch eine <a href=\"http:\/\/www.tagesschau.de\/inland\/studiengebuehren100.html\" target=\"_blank\">Studie<\/a> im Auftrag des Bundesministeriums f\u00fcr Bildung und Forschung. Im Vergleich zu 2003 gab es im Jahr 2007 zwar 63.000 Personen mit Studienberechtigung mehr, aber 19.000 Neueinschreibungen weniger.\u00a0Zumindest f\u00fcr jene, die durch die Geb\u00fchren von der Aufnahme eines Studiums abgeschreckt wurden (insbesondere junge Frauen und Personen aus sog. bildungsfernen Schichten), muss der umstrittene Satz anders lauten:<\/p>\n<p>Studiengeb\u00fchren werden nicht bezahlt, aber diskutiert.<\/p>\n","protected":false},"excerpt":{"rendered":"<p>Studiengeb\u00fchren werden nicht mehr diskutiert sondern bezahlt. Mit diesem ebenso absurden wie f\u00fcr viele Betroffene sicherlich verletzenden Satz hat sich die daf\u00fcr verantwortliche Stabsstelle f\u00fcr Kommunikation und Presse der Uni Freiburg in ihrem heutigen Newsletter mal wieder einigerma\u00dfen selbst ins Knie geschossen. Unter den Studierenden, sei es im AK Studiengeb\u00fchren, bei der Studierendenvertretung \u00fcberhaupt und &#8230; <\/p>\n<p class=\"read-more-container\"><a title=\"Keine Diskussion?\" class=\"read-more button\" href=\"https:\/\/www.konstantin-goerlich.de\/wordpress\/2008\/10\/21\/keine-diskussion\/#more-235\" aria-label=\"Mehr Informationen \u00fcber Keine Diskussion?\">weiterlesen<\/a><\/p>\n","protected":false},"author":1,"featured_media":0,"comment_status":"open","ping_status":"open","sticky":false,"template":"","format":"standard","meta":{"footnotes":""},"categories":[1],"tags":[],"_links":{"self":[{"href":"https:\/\/www.konstantin-goerlich.de\/wordpress\/wp-json\/wp\/v2\/posts\/235"}],"collection":[{"href":"https:\/\/www.konstantin-goerlich.de\/wordpress\/wp-json\/wp\/v2\/posts"}],"about":[{"href":"https:\/\/www.konstantin-goerlich.de\/wordpress\/wp-json\/wp\/v2\/types\/post"}],"author":[{"embeddable":true,"href":"https:\/\/www.konstantin-goerlich.de\/wordpress\/wp-json\/wp\/v2\/users\/1"}],"replies":[{"embeddable":true,"href":"https:\/\/www.konstantin-goerlich.de\/wordpress\/wp-json\/wp\/v2\/comments?post=235"}],"version-history":[{"count":0,"href":"https:\/\/www.konstantin-goerlich.de\/wordpress\/wp-json\/wp\/v2\/posts\/235\/revisions"}],"wp:attachment":[{"href":"https:\/\/www.konstantin-goerlich.de\/wordpress\/wp-json\/wp\/v2\/media?parent=235"}],"wp:term":[{"taxonomy":"category","embeddable":true,"href":"https:\/\/www.konstantin-goerlich.de\/wordpress\/wp-json\/wp\/v2\/categories?post=235"},{"taxonomy":"post_tag","embeddable":true,"href":"https:\/\/www.konstantin-goerlich.de\/wordpress\/wp-json\/wp\/v2\/tags?post=235"}],"curies":[{"name":"wp","href":"https:\/\/api.w.org\/{rel}","templated":true}]}}