{"id":232,"date":"2008-10-02T12:10:29","date_gmt":"2008-10-02T10:10:29","guid":{"rendered":"http:\/\/www.konstantin-goerlich.de\/wordpress\/?p=232"},"modified":"2008-10-02T12:33:56","modified_gmt":"2008-10-02T10:33:56","slug":"die-reformhausuniversitat","status":"publish","type":"post","link":"https:\/\/www.konstantin-goerlich.de\/wordpress\/2008\/10\/02\/die-reformhausuniversitat\/","title":{"rendered":"Die Reformhausuniversit\u00e4t."},"content":{"rendered":"<p><a href=\"http:\/\/www.u-asta.uni-freiburg.de\/service\/downloads\/u-asta-infos\/sose2008\"><img loading=\"lazy\" decoding=\"async\" class=\"alignright size-full wp-image-231\" style=\"float: right; margin-left: 10px;\" title=\"u-bote_bolognese\" src=\"https:\/\/www.konstantin-goerlich.de\/wordpress\/wp-content\/uploads\/2008\/10\/u-bote_bolognese.jpg\" alt=\"\" width=\"140\" height=\"197\" srcset=\"https:\/\/www.konstantin-goerlich.de\/wordpress\/wp-content\/uploads\/2008\/10\/u-bote_bolognese.jpg 140w, https:\/\/www.konstantin-goerlich.de\/wordpress\/wp-content\/uploads\/2008\/10\/u-bote_bolognese-107x150.jpg 107w\" sizes=\"(max-width: 140px) 100vw, 140px\" \/><\/a>Erst wenn der letzte Studiengang reformiert ist und der letzte Magisterjahrgang abgeschlossen hat werdet ihr merken, da\u00df man mit Bologna keine Elite schafft, sondern Mittelma\u00df. Diese Plakat(roh)idee kommt etwas sp\u00e4t angesichts des etwas ausgekochten Spaghettiwortspiels mit Bologna und Bolognese, dem sich auch der u-bote unl\u00e4ngst gen\u00fc\u00dflich hingab.<\/p>\n<p>Die Studierenden haben es als erste gemerkt, auch in Freiburg regte sich an manchem Lehrstuhl bis zuletzt Widerstand, doch wenn es <a href=\"http:\/\/www.sueddeutsche.de\/,ra7m1\/jobkarriere\/643\/312557\/text\/\">Prof. Nida-R\u00fcmelin im SZ-Interview<\/a>\u00a0feststellt, dann ist es auch f\u00fcr <a href=\"http:\/\/www.sciencegarden.de\/blog\/2008-10-02\/nida-ruemelin-bologna-gescheitert\">Christian Dries im sciencegarden-Blog<\/a> offiziell und er kann erleichtert &#8222;Endlich!&#8220; seufzen: Bologna ist gescheitert.<\/p>\n<p>Jetzt ist es also amtlich: Wechselbarkeit von Studiengang und Uni: praktisch verunm\u00f6glicht. Freie Zeit- und Stoffeinteilung: Durch Bulimielearning ersetzt. Auslandsstudium: Keine Zeit. Zeit f\u00fcr Nebenjobs und\/oder gesellschaftliches Engagement: Von Fristsetzungen und ECTS-Punktehatz verdr\u00e4ngt. Zugang zum Masterstudiengang: H\u00e4ufig durch Selektionsh\u00fcrden versperrt. Mehr Betreuung: Weggespart. Weltweit angesehene Abschl\u00fcsse: Durch BA-Mittelma\u00df ersetzt, in den USA nicht anerkannt. Einheit von Forschung und Lehre: Von verschulten Studienpl\u00e4nen und reinen Lehrprofessuren zerbrochen. Kurzum: Humboldt rotiert im Grabe.<\/p>\n<p>Komisch nur: Die BA-Studierenden die ich so kenne, die wu\u00dften das alles schon. Und jetzt? Wird sie wohl kommen m\u00fcssen, die Reform der Reform. Der bisherige Bologna-Fehlschlag hat jedenfalls zweierlei bewiesen: Gute Bildung braucht Zeit. Und Geld. Denn einige der Ziele wurden schlichtweg kaputtgespart.<\/p>\n","protected":false},"excerpt":{"rendered":"<p>Erst wenn der letzte Studiengang reformiert ist und der letzte Magisterjahrgang abgeschlossen hat werdet ihr merken, da\u00df man mit Bologna keine Elite schafft, sondern Mittelma\u00df. Diese Plakat(roh)idee kommt etwas sp\u00e4t angesichts des etwas ausgekochten Spaghettiwortspiels mit Bologna und Bolognese, dem sich auch der u-bote unl\u00e4ngst gen\u00fc\u00dflich hingab. Die Studierenden haben es als erste gemerkt, auch &#8230; <\/p>\n<p class=\"read-more-container\"><a title=\"Die Reformhausuniversit\u00e4t.\" class=\"read-more button\" href=\"https:\/\/www.konstantin-goerlich.de\/wordpress\/2008\/10\/02\/die-reformhausuniversitat\/#more-232\" aria-label=\"Mehr Informationen \u00fcber Die Reformhausuniversit\u00e4t.\">weiterlesen<\/a><\/p>\n","protected":false},"author":1,"featured_media":0,"comment_status":"open","ping_status":"open","sticky":false,"template":"","format":"standard","meta":{"footnotes":""},"categories":[1],"tags":[],"_links":{"self":[{"href":"https:\/\/www.konstantin-goerlich.de\/wordpress\/wp-json\/wp\/v2\/posts\/232"}],"collection":[{"href":"https:\/\/www.konstantin-goerlich.de\/wordpress\/wp-json\/wp\/v2\/posts"}],"about":[{"href":"https:\/\/www.konstantin-goerlich.de\/wordpress\/wp-json\/wp\/v2\/types\/post"}],"author":[{"embeddable":true,"href":"https:\/\/www.konstantin-goerlich.de\/wordpress\/wp-json\/wp\/v2\/users\/1"}],"replies":[{"embeddable":true,"href":"https:\/\/www.konstantin-goerlich.de\/wordpress\/wp-json\/wp\/v2\/comments?post=232"}],"version-history":[{"count":1,"href":"https:\/\/www.konstantin-goerlich.de\/wordpress\/wp-json\/wp\/v2\/posts\/232\/revisions"}],"predecessor-version":[{"id":243,"href":"https:\/\/www.konstantin-goerlich.de\/wordpress\/wp-json\/wp\/v2\/posts\/232\/revisions\/243"}],"wp:attachment":[{"href":"https:\/\/www.konstantin-goerlich.de\/wordpress\/wp-json\/wp\/v2\/media?parent=232"}],"wp:term":[{"taxonomy":"category","embeddable":true,"href":"https:\/\/www.konstantin-goerlich.de\/wordpress\/wp-json\/wp\/v2\/categories?post=232"},{"taxonomy":"post_tag","embeddable":true,"href":"https:\/\/www.konstantin-goerlich.de\/wordpress\/wp-json\/wp\/v2\/tags?post=232"}],"curies":[{"name":"wp","href":"https:\/\/api.w.org\/{rel}","templated":true}]}}