{"id":229,"date":"2008-09-15T23:27:56","date_gmt":"2008-09-15T21:27:56","guid":{"rendered":"http:\/\/www.konstantin-goerlich.de\/wordpress\/?p=229"},"modified":"2008-09-15T23:27:56","modified_gmt":"2008-09-15T21:27:56","slug":"die-letzte-ub-woche-lauft","status":"publish","type":"post","link":"https:\/\/www.konstantin-goerlich.de\/wordpress\/2008\/09\/15\/die-letzte-ub-woche-lauft\/","title":{"rendered":"Die letzte UB-Woche l\u00e4uft."},"content":{"rendered":"<p>Seit kurzem findet sich im Ausleihsystem der Uni-Bibliothek dieser Hinweis:<\/p>\n<blockquote><p><strong><span style=\"color: #ff0000;\">Bitte beachten Sie die Ausleihbeschr\u00e4nkungen durch den Bibliotheksumzug:<br \/>\n<\/span><span style=\"font-weight: normal;\"><span style=\"color: #ff0000;\">Letzte Bestellm\u00f6glichkeit f\u00fcr B\u00fccher aus den geschlossenen Magazinen: Freitag, 19.9., bis 12.00 Uhr.\u00a0Letzte Abholm\u00f6glichkeit bestellter und vorgemerkter B\u00fccher: Samstag, 20.9., bis 18.00 Uhr.\u00a0Nicht abgeholte B\u00fccher werden zur\u00fcckgebucht und m\u00fcssen nach dem Umzug, ab 6.10., neu bestellt werden.<\/span><\/span><\/strong><\/p><\/blockquote>\n<p>Jetzt geht es also tats\u00e4chlich los. Am Montag, 22.9., beginnt der Umzug. Zwei Wochen sind f\u00fcr diese Mammutaufgabe eingeplant. Ob wohl alles so klappt, wie man es sich vorstellt? Genug Planungszeit gab es jedenfalls &#8230;<\/p>\n","protected":false},"excerpt":{"rendered":"<p>Seit kurzem findet sich im Ausleihsystem der Uni-Bibliothek dieser Hinweis: Bitte beachten Sie die Ausleihbeschr\u00e4nkungen durch den Bibliotheksumzug: Letzte Bestellm\u00f6glichkeit f\u00fcr B\u00fccher aus den geschlossenen Magazinen: Freitag, 19.9., bis 12.00 Uhr.\u00a0Letzte Abholm\u00f6glichkeit bestellter und vorgemerkter B\u00fccher: Samstag, 20.9., bis 18.00 Uhr.\u00a0Nicht abgeholte B\u00fccher werden zur\u00fcckgebucht und m\u00fcssen nach dem Umzug, ab 6.10., neu bestellt werden. &#8230; <\/p>\n<p class=\"read-more-container\"><a title=\"Die letzte UB-Woche l\u00e4uft.\" class=\"read-more button\" href=\"https:\/\/www.konstantin-goerlich.de\/wordpress\/2008\/09\/15\/die-letzte-ub-woche-lauft\/#more-229\" aria-label=\"Mehr Informationen \u00fcber Die letzte UB-Woche l\u00e4uft.\">weiterlesen<\/a><\/p>\n","protected":false},"author":1,"featured_media":0,"comment_status":"open","ping_status":"open","sticky":false,"template":"","format":"standard","meta":{"footnotes":""},"categories":[1],"tags":[],"_links":{"self":[{"href":"https:\/\/www.konstantin-goerlich.de\/wordpress\/wp-json\/wp\/v2\/posts\/229"}],"collection":[{"href":"https:\/\/www.konstantin-goerlich.de\/wordpress\/wp-json\/wp\/v2\/posts"}],"about":[{"href":"https:\/\/www.konstantin-goerlich.de\/wordpress\/wp-json\/wp\/v2\/types\/post"}],"author":[{"embeddable":true,"href":"https:\/\/www.konstantin-goerlich.de\/wordpress\/wp-json\/wp\/v2\/users\/1"}],"replies":[{"embeddable":true,"href":"https:\/\/www.konstantin-goerlich.de\/wordpress\/wp-json\/wp\/v2\/comments?post=229"}],"version-history":[{"count":0,"href":"https:\/\/www.konstantin-goerlich.de\/wordpress\/wp-json\/wp\/v2\/posts\/229\/revisions"}],"wp:attachment":[{"href":"https:\/\/www.konstantin-goerlich.de\/wordpress\/wp-json\/wp\/v2\/media?parent=229"}],"wp:term":[{"taxonomy":"category","embeddable":true,"href":"https:\/\/www.konstantin-goerlich.de\/wordpress\/wp-json\/wp\/v2\/categories?post=229"},{"taxonomy":"post_tag","embeddable":true,"href":"https:\/\/www.konstantin-goerlich.de\/wordpress\/wp-json\/wp\/v2\/tags?post=229"}],"curies":[{"name":"wp","href":"https:\/\/api.w.org\/{rel}","templated":true}]}}