{"id":22,"date":"2006-11-08T15:35:17","date_gmt":"2006-11-08T13:35:17","guid":{"rendered":"http:\/\/www.konstantin-goerlich.de\/wordpress\/2006\/11\/08\/gelungener-auftakt\/"},"modified":"2006-11-08T15:40:30","modified_gmt":"2006-11-08T13:40:30","slug":"gelungener-auftakt","status":"publish","type":"post","link":"https:\/\/www.konstantin-goerlich.de\/wordpress\/2006\/11\/08\/gelungener-auftakt\/","title":{"rendered":"Gelungener Auftakt"},"content":{"rendered":"<p>Das Semester l\u00e4uft gerademal zwei Wochen und schon ist die erste gr\u00f6\u00dfere Anstrengung \u00fcberwunden. Gestern referierte ich im <a href=\"http:\/\/www.verwaltung.uni-freiburg.de\/lsfserver\/servlet\/de.his.servlet.RequestDispatcherServlet?state=wsearchv&#038;search=2&#038;veranstaltung.veranstid=25691\" target=\"_blank\">Seminar<\/a> zum Thema <i>Totalitarismustheorie<\/i>. Diese f\u00e4ngt nicht erst bei <a href=\"http:\/\/www.ub.uni-freiburg.de\/olix\/wwwolix.cgi?db=ubfr&#038;nd=905367&#038;VomOLAF=0&#038;links=1&#038;gk=&#038;Aktion=S&#038;isnListe=6832723,5510545,2697853,1282916,143745,7536984,14144,905367&#038;count=8&#038;counter=0&#038;anzeige=ti%3Durspr%FCnge+elemente+herrschaft++&#038;treffer=8&#038;offset=1\" target=\"_blank\">Hannah Arendt<\/a> an und h\u00f6rt beim <a href=\"http:\/\/www.ub.uni-freiburg.de\/olix\/wwwolix.cgi?db=ubfr&#038;nd=8890927&#038;VomOLAF=0&#038;links=1&#038;gk=&#038;Aktion=S&#038;isnListe=6543581,6656714,7971202,8890927,11327582&#038;count=4&#038;counter=0&#038;anzeige=rn%3D11372927+&#038;treffer=5&#038;offset=1\" target=\"_blank\">Schwarzbuch des Kommunismus<\/a> und vor allem der Kritik daran nicht auf. Und es hat, auch nach der interessanten, aber kurzen Vorbereitungsphase, sogar Spa\u00df gemacht. Eine Zweitverwertung ist jedenfalls nicht v\u00f6llig ausgeschlossen. Von den 30 bis 35 Teilnehmern bin ich nun der Erste, der sein Referat hinter sich gebracht hat &#8211; auch nicht schlecht. Das Thema war zwar in den vorgegebenen 20 Minuten nicht ersch\u00f6pfend zu behandeln, macht aber nix, bei den Erg\u00e4nzungen im Anschlu\u00df kamen ausschlie\u00dflich Punkte, die ich vorher zugunsten der Zeit gek\u00fcrzt hatte. Und das war das richtig gute Gef\u00fchl dabei.<br \/>\nJedenfalls bin ich schon wieder &#8211; noch im Nachhall der Totalitarismustheorie &#8211; hinter dem n\u00e4chsten Thema her. Diesmal wird es allerdings kein Referat sondern &#8211; au\u00dferuniversit\u00e4r &#8211; eine Buchbesprechung. Es gibt n\u00e4mlich Neues von und \u00fcber Filbinger.<\/p>\n","protected":false},"excerpt":{"rendered":"<p>Das Semester l\u00e4uft gerademal zwei Wochen und schon ist die erste gr\u00f6\u00dfere Anstrengung \u00fcberwunden. Gestern referierte ich im Seminar zum Thema Totalitarismustheorie. Diese f\u00e4ngt nicht erst bei Hannah Arendt an und h\u00f6rt beim Schwarzbuch des Kommunismus und vor allem der Kritik daran nicht auf. Und es hat, auch nach der interessanten, aber kurzen Vorbereitungsphase, sogar &#8230; <\/p>\n<p class=\"read-more-container\"><a title=\"Gelungener Auftakt\" class=\"read-more button\" href=\"https:\/\/www.konstantin-goerlich.de\/wordpress\/2006\/11\/08\/gelungener-auftakt\/#more-22\" aria-label=\"Mehr Informationen \u00fcber Gelungener Auftakt\">weiterlesen<\/a><\/p>\n","protected":false},"author":1,"featured_media":0,"comment_status":"open","ping_status":"open","sticky":false,"template":"","format":"standard","meta":{"footnotes":""},"categories":[1],"tags":[],"_links":{"self":[{"href":"https:\/\/www.konstantin-goerlich.de\/wordpress\/wp-json\/wp\/v2\/posts\/22"}],"collection":[{"href":"https:\/\/www.konstantin-goerlich.de\/wordpress\/wp-json\/wp\/v2\/posts"}],"about":[{"href":"https:\/\/www.konstantin-goerlich.de\/wordpress\/wp-json\/wp\/v2\/types\/post"}],"author":[{"embeddable":true,"href":"https:\/\/www.konstantin-goerlich.de\/wordpress\/wp-json\/wp\/v2\/users\/1"}],"replies":[{"embeddable":true,"href":"https:\/\/www.konstantin-goerlich.de\/wordpress\/wp-json\/wp\/v2\/comments?post=22"}],"version-history":[{"count":0,"href":"https:\/\/www.konstantin-goerlich.de\/wordpress\/wp-json\/wp\/v2\/posts\/22\/revisions"}],"wp:attachment":[{"href":"https:\/\/www.konstantin-goerlich.de\/wordpress\/wp-json\/wp\/v2\/media?parent=22"}],"wp:term":[{"taxonomy":"category","embeddable":true,"href":"https:\/\/www.konstantin-goerlich.de\/wordpress\/wp-json\/wp\/v2\/categories?post=22"},{"taxonomy":"post_tag","embeddable":true,"href":"https:\/\/www.konstantin-goerlich.de\/wordpress\/wp-json\/wp\/v2\/tags?post=22"}],"curies":[{"name":"wp","href":"https:\/\/api.w.org\/{rel}","templated":true}]}}