{"id":217,"date":"2008-07-21T20:53:58","date_gmt":"2008-07-21T18:53:58","guid":{"rendered":"http:\/\/www.konstantin-goerlich.de\/wordpress\/?p=217"},"modified":"2008-07-22T23:55:48","modified_gmt":"2008-07-22T21:55:48","slug":"aus-der-tiefe-des-raumes","status":"publish","type":"post","link":"https:\/\/www.konstantin-goerlich.de\/wordpress\/2008\/07\/21\/aus-der-tiefe-des-raumes\/","title":{"rendered":"Aus der Tiefe des Raumes &#8230;"},"content":{"rendered":"<p>&#8230; ist er nachnominiert worden, nachdem er die Rektorfindungskommission, die Prof. Cheaur\u00e9 und Prof. Peters vorgeschlagen hatte, schon nicht mehr \u00fcberstanden hatte. Nun hat der Universit\u00e4tsrat, dessen Mitglieder heute morgen noch teilweise einen Informationsr\u00fcckstand gegen\u00fcber der <a href=\"http:\/\/werkstatt.badische-zeitung.de\/freiburg\/hans-jochen-schiewer-soll-rektor-werden\" target=\"_blank\">Badischen Zeitung<\/a>, die die Nachnominierung bereits <a href=\"http:\/\/www.badische-zeitung.de\/lokales\/lokalausgaben\/freiburg\/1,51-23466664.html\" target=\"_blank\">meldete<\/a>, hatten, Prof. Schiewer, den derzeitigen Prorektor f\u00fcr Studium und Lehre und als Vizerektor derzeit amtierenden Rektor der Albert Ludwigs Universit\u00e4t Freiburg gew\u00e4hlt, und zwar <em>mit der Mehrheit der Mitglieder<\/em>, also m\u00f6glicherweise nicht einstimmig.<\/p>\n<p>Alles andere als einstimmig d\u00fcrfte die Abstimmung am Mittwoch im Senat, der den neuen Rektor noch best\u00e4tigen muss, werden, denn \u00fcber das Verfahren wird zu reden sein.\u00a0Wozu besch\u00e4ftigt man die\u00a0Kommissionsmitglieder\u00a0mehrfach stundenlang, um dann einem &#8222;ausgesiebten&#8220; Bewerber die Hintert\u00fcr zur Vorstellung im Universit\u00e4tsrat an dem Vorschlag der Kommission vorbei doch noch zu er\u00f6ffnen? Und das zur <a href=\"http:\/\/blog.till-westermayer.de\/index.php\/2008\/07\/21\/kurz-die-uberraschung-der-uberraschung-ist-der-altbekannte-vizerektor\/\" target=\"_blank\">\u00dcberraschung<\/a> nicht aller, aber vieler der Beteiligten.\u00a0Nicht ohne Grund rechtfertigt man sich in der\u00a0<a href=\"http:\/\/www.badische-zeitung.de\/lokales\/lokalausgaben\/freiburg\/1,51-23466664.html\" target=\"_blank\">BZ-Meldung<\/a>\u00a0vorauseilend mit einem schlechten Tag, den der Kandidat gehabt habe und verweist noch ohne jeden Gegenwind darauf, da\u00df die\u00a0Rektorfindungskommission\u00a0ja lediglich ein nicht bindendes Vorschlagsrecht hat.<\/p>\n<p>Da\u00df die Studierenden (f\u00fcr die Prof. Schiewer jedoch alles andere als die schlechteste der m\u00f6glichen Alternativen ist) bei diesem Vorgehen v\u00f6llig \u00fcbergangen wurden, versteht sich ja nicht erst seit neulich von selbst.\u00a0F\u00fcr den Gew\u00e4hlten selbst ist solch ein Sieg zudem nicht gerade das, was man unter einem Traumstart versteht, ist im Senat doch mit allerlei Enthaltungen und Gegenstimmen derer zu rechnen, die zwar nicht gegen Prof. Schiewer sind, wohl aber gegen das ebenso erprobte wie intransparente und den anderen BewerberInnen gegen\u00fcber unfaire Verfahren, das zu seiner Nominierung f\u00fchrte. Ein Grund mehr, ihm viel Gl\u00fcck zu w\u00fcnschen, denn die Demokratie, so meint nicht nur <a href=\"http:\/\/sase.de\/index.php?entry=entry080721-202513\" target=\"_blank\">Daniele<\/a>, hat wiedermal eine Niederlage hinnehmen m\u00fcssen.<\/p>\n<p>\u00dcbrigens: Die vertane <a href=\"http:\/\/blog.till-westermayer.de\/index.php\/2008\/07\/18\/vor-der-entscheidung-drei-rektoren-jahr-oder-erste-frau-im-amt\/\" target=\"_blank\">Chance<\/a>, mit\u00a0Prof. Cheaur\u00e9\u00a0erstmals eine Frau ins Rektorat einziehen zu lassen, wird bei alledem fast zu einer Randnotiz.<\/p>\n<p><strong>UPDATE:<\/strong> Die Fachschaftenkonferenz hat sich heute (Dienstag) einstimmig daf\u00fcr ausgesprochen, Prof. Schiewer zum neuen Rektor zu w\u00e4hlen. Dieser sei nicht f\u00fcr die Kommunikationsfehler und Verfahrensunsauberkeiten anderer verantwortlich und letztlich alles andere als die schlechteste Wahl f\u00fcr die Studierenden. Recht so.<\/p>\n","protected":false},"excerpt":{"rendered":"<p>&#8230; ist er nachnominiert worden, nachdem er die Rektorfindungskommission, die Prof. Cheaur\u00e9 und Prof. Peters vorgeschlagen hatte, schon nicht mehr \u00fcberstanden hatte. Nun hat der Universit\u00e4tsrat, dessen Mitglieder heute morgen noch teilweise einen Informationsr\u00fcckstand gegen\u00fcber der Badischen Zeitung, die die Nachnominierung bereits meldete, hatten, Prof. Schiewer, den derzeitigen Prorektor f\u00fcr Studium und Lehre und als &#8230; <\/p>\n<p class=\"read-more-container\"><a title=\"Aus der Tiefe des Raumes &#8230;\" class=\"read-more button\" href=\"https:\/\/www.konstantin-goerlich.de\/wordpress\/2008\/07\/21\/aus-der-tiefe-des-raumes\/#more-217\" aria-label=\"Mehr Informationen \u00fcber Aus der Tiefe des Raumes &#8230;\">weiterlesen<\/a><\/p>\n","protected":false},"author":1,"featured_media":0,"comment_status":"open","ping_status":"open","sticky":false,"template":"","format":"standard","meta":{"footnotes":""},"categories":[1],"tags":[],"_links":{"self":[{"href":"https:\/\/www.konstantin-goerlich.de\/wordpress\/wp-json\/wp\/v2\/posts\/217"}],"collection":[{"href":"https:\/\/www.konstantin-goerlich.de\/wordpress\/wp-json\/wp\/v2\/posts"}],"about":[{"href":"https:\/\/www.konstantin-goerlich.de\/wordpress\/wp-json\/wp\/v2\/types\/post"}],"author":[{"embeddable":true,"href":"https:\/\/www.konstantin-goerlich.de\/wordpress\/wp-json\/wp\/v2\/users\/1"}],"replies":[{"embeddable":true,"href":"https:\/\/www.konstantin-goerlich.de\/wordpress\/wp-json\/wp\/v2\/comments?post=217"}],"version-history":[{"count":0,"href":"https:\/\/www.konstantin-goerlich.de\/wordpress\/wp-json\/wp\/v2\/posts\/217\/revisions"}],"wp:attachment":[{"href":"https:\/\/www.konstantin-goerlich.de\/wordpress\/wp-json\/wp\/v2\/media?parent=217"}],"wp:term":[{"taxonomy":"category","embeddable":true,"href":"https:\/\/www.konstantin-goerlich.de\/wordpress\/wp-json\/wp\/v2\/categories?post=217"},{"taxonomy":"post_tag","embeddable":true,"href":"https:\/\/www.konstantin-goerlich.de\/wordpress\/wp-json\/wp\/v2\/tags?post=217"}],"curies":[{"name":"wp","href":"https:\/\/api.w.org\/{rel}","templated":true}]}}