{"id":214,"date":"2008-07-10T21:45:52","date_gmt":"2008-07-10T19:45:52","guid":{"rendered":"http:\/\/www.konstantin-goerlich.de\/wordpress\/?p=214"},"modified":"2008-07-10T21:45:52","modified_gmt":"2008-07-10T19:45:52","slug":"vv-empfiehlt-boykott","status":"publish","type":"post","link":"https:\/\/www.konstantin-goerlich.de\/wordpress\/2008\/07\/10\/vv-empfiehlt-boykott\/","title":{"rendered":"VV empfiehlt Boykott."},"content":{"rendered":"<p>Die soeben zu Ende gegangene Vollversammlung war alles andere als beschlu\u00dff\u00e4hig, hat aber nach intensiver politischer Debatte den Boykottantrag von DieLinke.SDS ohne \u00c4nderungen empfehlend angenommen. Damit ist er n\u00e4chste Woche Tagesordnungspunkt in der Fachschaftenkonferenz.<\/p>\n","protected":false},"excerpt":{"rendered":"<p>Die soeben zu Ende gegangene Vollversammlung war alles andere als beschlu\u00dff\u00e4hig, hat aber nach intensiver politischer Debatte den Boykottantrag von DieLinke.SDS ohne \u00c4nderungen empfehlend angenommen. Damit ist er n\u00e4chste Woche Tagesordnungspunkt in der Fachschaftenkonferenz.<\/p>\n","protected":false},"author":1,"featured_media":0,"comment_status":"open","ping_status":"open","sticky":false,"template":"","format":"standard","meta":{"footnotes":""},"categories":[1],"tags":[],"_links":{"self":[{"href":"https:\/\/www.konstantin-goerlich.de\/wordpress\/wp-json\/wp\/v2\/posts\/214"}],"collection":[{"href":"https:\/\/www.konstantin-goerlich.de\/wordpress\/wp-json\/wp\/v2\/posts"}],"about":[{"href":"https:\/\/www.konstantin-goerlich.de\/wordpress\/wp-json\/wp\/v2\/types\/post"}],"author":[{"embeddable":true,"href":"https:\/\/www.konstantin-goerlich.de\/wordpress\/wp-json\/wp\/v2\/users\/1"}],"replies":[{"embeddable":true,"href":"https:\/\/www.konstantin-goerlich.de\/wordpress\/wp-json\/wp\/v2\/comments?post=214"}],"version-history":[{"count":0,"href":"https:\/\/www.konstantin-goerlich.de\/wordpress\/wp-json\/wp\/v2\/posts\/214\/revisions"}],"wp:attachment":[{"href":"https:\/\/www.konstantin-goerlich.de\/wordpress\/wp-json\/wp\/v2\/media?parent=214"}],"wp:term":[{"taxonomy":"category","embeddable":true,"href":"https:\/\/www.konstantin-goerlich.de\/wordpress\/wp-json\/wp\/v2\/categories?post=214"},{"taxonomy":"post_tag","embeddable":true,"href":"https:\/\/www.konstantin-goerlich.de\/wordpress\/wp-json\/wp\/v2\/tags?post=214"}],"curies":[{"name":"wp","href":"https:\/\/api.w.org\/{rel}","templated":true}]}}