{"id":204,"date":"2008-06-19T13:40:13","date_gmt":"2008-06-19T11:40:13","guid":{"rendered":"http:\/\/www.konstantin-goerlich.de\/wordpress\/?p=204"},"modified":"2008-06-19T13:40:33","modified_gmt":"2008-06-19T11:40:33","slug":"universitatsratsclemens-berichtet","status":"publish","type":"post","link":"https:\/\/www.konstantin-goerlich.de\/wordpress\/2008\/06\/19\/universitatsratsclemens-berichtet\/","title":{"rendered":"Universit\u00e4tsratsclemens berichtet."},"content":{"rendered":"<p>Hier mal einfach und frech kopiert ein Veranstaltungshinweis. Es geht um Studierende in der universit\u00e4ren Selbstverwaltung.<\/p>\n<blockquote><p>Am Dienstag sind Uniwahlen! Davor  m\u00f6chten wir euch die M\u00f6glichkeit geben, euch noch einmal dar\u00fcber zu informieren, womit sich die Studierenden in den Unigremien eigentlich besch\u00e4ftigen und welche Entscheidungen auf welcher Ebene gef\u00e4llt werden. Haupts\u00e4chlich wird es um den Universit\u00e4tsrat gehen; das h\u00f6chste beschlussfassende Gremium der universit\u00e4ren Selbstverwaltung, das mehrheitlich mit Externen besetzt ist. Clemens zieht acht Jahre nach Einf\u00fchrung des Universit\u00e4tsrates eine Bilanz aus Studierendensicht.<\/p>\n<p>Vorher gibt es aber auch noch Informationen zum Fakult\u00e4tsrat, zum Senat und zum AStA.<\/p>\n<p><strong>Heute, 19.6., 18 Uhr c.t., HS 3043 (Aquarium).<\/strong><\/p><\/blockquote>\n","protected":false},"excerpt":{"rendered":"<p>Hier mal einfach und frech kopiert ein Veranstaltungshinweis. Es geht um Studierende in der universit\u00e4ren Selbstverwaltung. Am Dienstag sind Uniwahlen! Davor m\u00f6chten wir euch die M\u00f6glichkeit geben, euch noch einmal dar\u00fcber zu informieren, womit sich die Studierenden in den Unigremien eigentlich besch\u00e4ftigen und welche Entscheidungen auf welcher Ebene gef\u00e4llt werden. Haupts\u00e4chlich wird es um den &#8230; <\/p>\n<p class=\"read-more-container\"><a title=\"Universit\u00e4tsratsclemens berichtet.\" class=\"read-more button\" href=\"https:\/\/www.konstantin-goerlich.de\/wordpress\/2008\/06\/19\/universitatsratsclemens-berichtet\/#more-204\" aria-label=\"Mehr Informationen \u00fcber Universit\u00e4tsratsclemens berichtet.\">weiterlesen<\/a><\/p>\n","protected":false},"author":1,"featured_media":0,"comment_status":"open","ping_status":"open","sticky":false,"template":"","format":"standard","meta":{"footnotes":""},"categories":[1],"tags":[],"_links":{"self":[{"href":"https:\/\/www.konstantin-goerlich.de\/wordpress\/wp-json\/wp\/v2\/posts\/204"}],"collection":[{"href":"https:\/\/www.konstantin-goerlich.de\/wordpress\/wp-json\/wp\/v2\/posts"}],"about":[{"href":"https:\/\/www.konstantin-goerlich.de\/wordpress\/wp-json\/wp\/v2\/types\/post"}],"author":[{"embeddable":true,"href":"https:\/\/www.konstantin-goerlich.de\/wordpress\/wp-json\/wp\/v2\/users\/1"}],"replies":[{"embeddable":true,"href":"https:\/\/www.konstantin-goerlich.de\/wordpress\/wp-json\/wp\/v2\/comments?post=204"}],"version-history":[{"count":0,"href":"https:\/\/www.konstantin-goerlich.de\/wordpress\/wp-json\/wp\/v2\/posts\/204\/revisions"}],"wp:attachment":[{"href":"https:\/\/www.konstantin-goerlich.de\/wordpress\/wp-json\/wp\/v2\/media?parent=204"}],"wp:term":[{"taxonomy":"category","embeddable":true,"href":"https:\/\/www.konstantin-goerlich.de\/wordpress\/wp-json\/wp\/v2\/categories?post=204"},{"taxonomy":"post_tag","embeddable":true,"href":"https:\/\/www.konstantin-goerlich.de\/wordpress\/wp-json\/wp\/v2\/tags?post=204"}],"curies":[{"name":"wp","href":"https:\/\/api.w.org\/{rel}","templated":true}]}}