{"id":198,"date":"2008-06-03T15:13:00","date_gmt":"2008-06-03T13:13:00","guid":{"rendered":"http:\/\/www.konstantin-goerlich.de\/wordpress\/?p=198"},"modified":"2008-06-03T15:13:00","modified_gmt":"2008-06-03T13:13:00","slug":"gruner-wirds-nicht","status":"publish","type":"post","link":"https:\/\/www.konstantin-goerlich.de\/wordpress\/2008\/06\/03\/gruner-wirds-nicht\/","title":{"rendered":"Gr\u00fcner wird&#8217;s nicht."},"content":{"rendered":"<p>&#8230; zumindest heute. Die Gr\u00fcne Hochschulgruppe l\u00e4dt ein, der Fraktion der Gr\u00fcnen im Freiburger Gemeinderat allerlei L\u00f6cher in den Bauch zu fragen.<\/p>\n<blockquote><p>Heute, 3. Juni, 20 Uhr, HS 1009.<\/p><\/blockquote>\n<p>Als Themenvorschl\u00e4ge werden genannt:<\/p>\n<ul>\n<li>Beteiligungshaushalt<\/li>\n<li>Alkoholverbot auf \u00f6ffentlichen Pl\u00e4tzen<\/li>\n<li>\u201eSchwarz-Gr\u00fcn\u201c in Freiburg?<\/li>\n<li>Umgestaltung Platz der alten Synagoge<\/li>\n<\/ul>\n<p>F\u00fcr\u00a0kritisch\u00a0diskutierbare Themen ist also gesorgt.\u00a0<\/p>\n","protected":false},"excerpt":{"rendered":"<p>&#8230; zumindest heute. Die Gr\u00fcne Hochschulgruppe l\u00e4dt ein, der Fraktion der Gr\u00fcnen im Freiburger Gemeinderat allerlei L\u00f6cher in den Bauch zu fragen. Heute, 3. Juni, 20 Uhr, HS 1009. Als Themenvorschl\u00e4ge werden genannt: Beteiligungshaushalt Alkoholverbot auf \u00f6ffentlichen Pl\u00e4tzen \u201eSchwarz-Gr\u00fcn\u201c in Freiburg? Umgestaltung Platz der alten Synagoge F\u00fcr\u00a0kritisch\u00a0diskutierbare Themen ist also gesorgt.\u00a0<\/p>\n","protected":false},"author":1,"featured_media":0,"comment_status":"open","ping_status":"open","sticky":false,"template":"","format":"standard","meta":{"footnotes":""},"categories":[1],"tags":[],"_links":{"self":[{"href":"https:\/\/www.konstantin-goerlich.de\/wordpress\/wp-json\/wp\/v2\/posts\/198"}],"collection":[{"href":"https:\/\/www.konstantin-goerlich.de\/wordpress\/wp-json\/wp\/v2\/posts"}],"about":[{"href":"https:\/\/www.konstantin-goerlich.de\/wordpress\/wp-json\/wp\/v2\/types\/post"}],"author":[{"embeddable":true,"href":"https:\/\/www.konstantin-goerlich.de\/wordpress\/wp-json\/wp\/v2\/users\/1"}],"replies":[{"embeddable":true,"href":"https:\/\/www.konstantin-goerlich.de\/wordpress\/wp-json\/wp\/v2\/comments?post=198"}],"version-history":[{"count":0,"href":"https:\/\/www.konstantin-goerlich.de\/wordpress\/wp-json\/wp\/v2\/posts\/198\/revisions"}],"wp:attachment":[{"href":"https:\/\/www.konstantin-goerlich.de\/wordpress\/wp-json\/wp\/v2\/media?parent=198"}],"wp:term":[{"taxonomy":"category","embeddable":true,"href":"https:\/\/www.konstantin-goerlich.de\/wordpress\/wp-json\/wp\/v2\/categories?post=198"},{"taxonomy":"post_tag","embeddable":true,"href":"https:\/\/www.konstantin-goerlich.de\/wordpress\/wp-json\/wp\/v2\/tags?post=198"}],"curies":[{"name":"wp","href":"https:\/\/api.w.org\/{rel}","templated":true}]}}