{"id":192,"date":"2008-05-26T18:47:59","date_gmt":"2008-05-26T16:47:59","guid":{"rendered":"http:\/\/www.konstantin-goerlich.de\/wordpress\/?p=192"},"modified":"2008-05-26T18:59:36","modified_gmt":"2008-05-26T16:59:36","slug":"bitte-eintreten","status":"publish","type":"post","link":"https:\/\/www.konstantin-goerlich.de\/wordpress\/2008\/05\/26\/bitte-eintreten\/","title":{"rendered":"Bitte eintreten!"},"content":{"rendered":"<p><img loading=\"lazy\" decoding=\"async\" class=\"alignright size-full wp-image-194\" style=\"float: right; margin-left: 10px;\" title=\"uniwahl_2008_studivz\" src=\"https:\/\/www.konstantin-goerlich.de\/wordpress\/wp-content\/uploads\/2008\/05\/uniwahl_2008_studivz.jpg\" alt=\"\" width=\"200\" height=\"300\" \/>Wie bereits im letzten Jahr gibt es auch dieses Jahr wieder eine <a href=\"http:\/\/www.studivz.net\/Groups\/Overview\/0b618223b209a9d1\" target=\"_blank\">StudiVZ-Gruppe zur Uniwahl<\/a>. Diese findet am 24. Juni 2008 statt. In der Gruppe geht es weniger um Wahlkampf als um Informationen zur Wahl (Wer w\u00e4hlt wen warum woraus?) und um Wahlwerbung in der Hinsicht, da\u00df <em>\u00fcberhaupt<\/em> hingegangen wird.<\/p>\n<p>Gew\u00e4hlt werden wie \u00fcblich die (ggf. gro\u00dfen) Fakult\u00e4tsr\u00e4te sowie der AStA und damit die studentischen Senatsmitglieder. Bereits bekannt ist, da\u00df die Gr\u00fcne Hochschulgruppe sowie DieLinke.SDS auf den buf-Listen (buf = B\u00fcndnisliste f\u00fcr u-asta und u-Fachschaften) kandidieren.<\/p>\n<p>Bevor, wie im letzten Jahr, wieder Fragen aufkommen: Ich bin der wahrscheinlich einzige Studierende, der nicht gew\u00e4hlt werden kann. Aufgrund stellvertretender Mitgliedschaft im Wahlausschu\u00df darf ich auf keiner der Listen kandidieren und an meiner Wahlfakult\u00e4t (2, Jura) besteht auch bei der Fakult\u00e4tsratswahl voraussichtlich Bindung an die Wahlvorschl\u00e4ge.<\/p>\n<p>Mehr zur Wahl gibt es zu gegebener Zeit.<\/p>\n","protected":false},"excerpt":{"rendered":"<p>Wie bereits im letzten Jahr gibt es auch dieses Jahr wieder eine StudiVZ-Gruppe zur Uniwahl. Diese findet am 24. Juni 2008 statt. In der Gruppe geht es weniger um Wahlkampf als um Informationen zur Wahl (Wer w\u00e4hlt wen warum woraus?) und um Wahlwerbung in der Hinsicht, da\u00df \u00fcberhaupt hingegangen wird. Gew\u00e4hlt werden wie \u00fcblich die &#8230; <\/p>\n<p class=\"read-more-container\"><a title=\"Bitte eintreten!\" class=\"read-more button\" href=\"https:\/\/www.konstantin-goerlich.de\/wordpress\/2008\/05\/26\/bitte-eintreten\/#more-192\" aria-label=\"Mehr Informationen \u00fcber Bitte eintreten!\">weiterlesen<\/a><\/p>\n","protected":false},"author":1,"featured_media":0,"comment_status":"open","ping_status":"open","sticky":false,"template":"","format":"standard","meta":{"footnotes":""},"categories":[1],"tags":[],"_links":{"self":[{"href":"https:\/\/www.konstantin-goerlich.de\/wordpress\/wp-json\/wp\/v2\/posts\/192"}],"collection":[{"href":"https:\/\/www.konstantin-goerlich.de\/wordpress\/wp-json\/wp\/v2\/posts"}],"about":[{"href":"https:\/\/www.konstantin-goerlich.de\/wordpress\/wp-json\/wp\/v2\/types\/post"}],"author":[{"embeddable":true,"href":"https:\/\/www.konstantin-goerlich.de\/wordpress\/wp-json\/wp\/v2\/users\/1"}],"replies":[{"embeddable":true,"href":"https:\/\/www.konstantin-goerlich.de\/wordpress\/wp-json\/wp\/v2\/comments?post=192"}],"version-history":[{"count":0,"href":"https:\/\/www.konstantin-goerlich.de\/wordpress\/wp-json\/wp\/v2\/posts\/192\/revisions"}],"wp:attachment":[{"href":"https:\/\/www.konstantin-goerlich.de\/wordpress\/wp-json\/wp\/v2\/media?parent=192"}],"wp:term":[{"taxonomy":"category","embeddable":true,"href":"https:\/\/www.konstantin-goerlich.de\/wordpress\/wp-json\/wp\/v2\/categories?post=192"},{"taxonomy":"post_tag","embeddable":true,"href":"https:\/\/www.konstantin-goerlich.de\/wordpress\/wp-json\/wp\/v2\/tags?post=192"}],"curies":[{"name":"wp","href":"https:\/\/api.w.org\/{rel}","templated":true}]}}