{"id":19,"date":"2006-11-02T02:09:46","date_gmt":"2006-11-02T00:09:46","guid":{"rendered":"http:\/\/www.konstantin-goerlich.de\/wordpress\/2006\/11\/02\/es-herbstet-und-wintersemestert\/"},"modified":"2006-11-02T02:09:46","modified_gmt":"2006-11-02T00:09:46","slug":"es-herbstet-und-wintersemestert","status":"publish","type":"post","link":"https:\/\/www.konstantin-goerlich.de\/wordpress\/2006\/11\/02\/es-herbstet-und-wintersemestert\/","title":{"rendered":"es herbstet und wintersemestert"},"content":{"rendered":"<p>Das Wintersemester hat begonnen, der Herbst auch. Und ich bin wieder da, also hier, und will versuchen, ein wenig mehr zu schreiben. Allzu leicht ist dies jedoch nicht, denn der Zulassungstest Soziologie, an dem ich im <a href=\"https:\/\/www.konstantin-goerlich.de\/wordpress\/2006\/07\/21\/in-the-heat-of\/trackback\/\">Juli<\/a> teilnahm, scheint erfolgreich verlaufen zu sein, und so habe ich nun und endlich wieder so einiges zu tun. Macht aber nichts, es sieht n\u00e4mlich ganz danach aus, als h\u00e4tte ich mit meinen neuen F\u00e4chern (Soziologie Hauptfach, Neuere und Neueste Geschichte Nebenfach, Strafrecht\/Kriminologie Nebenfach &#8230; und das Beste: alles noch auf Magister) genau die richtige Wahl getroffen. Im Moment werkele ich neben den laufenden Vorlesungsvor-, nach- und aufbereitungen an einem kleinen Referat f\u00fcr ein Seminar. Mehr dazu aber, wenn es soweit ist bzw. war.<\/p>\n","protected":false},"excerpt":{"rendered":"<p>Das Wintersemester hat begonnen, der Herbst auch. Und ich bin wieder da, also hier, und will versuchen, ein wenig mehr zu schreiben. Allzu leicht ist dies jedoch nicht, denn der Zulassungstest Soziologie, an dem ich im Juli teilnahm, scheint erfolgreich verlaufen zu sein, und so habe ich nun und endlich wieder so einiges zu tun. &#8230; <\/p>\n<p class=\"read-more-container\"><a title=\"es herbstet und wintersemestert\" class=\"read-more button\" href=\"https:\/\/www.konstantin-goerlich.de\/wordpress\/2006\/11\/02\/es-herbstet-und-wintersemestert\/#more-19\" aria-label=\"Mehr Informationen \u00fcber es herbstet und wintersemestert\">weiterlesen<\/a><\/p>\n","protected":false},"author":1,"featured_media":0,"comment_status":"open","ping_status":"open","sticky":false,"template":"","format":"standard","meta":{"footnotes":""},"categories":[1],"tags":[],"_links":{"self":[{"href":"https:\/\/www.konstantin-goerlich.de\/wordpress\/wp-json\/wp\/v2\/posts\/19"}],"collection":[{"href":"https:\/\/www.konstantin-goerlich.de\/wordpress\/wp-json\/wp\/v2\/posts"}],"about":[{"href":"https:\/\/www.konstantin-goerlich.de\/wordpress\/wp-json\/wp\/v2\/types\/post"}],"author":[{"embeddable":true,"href":"https:\/\/www.konstantin-goerlich.de\/wordpress\/wp-json\/wp\/v2\/users\/1"}],"replies":[{"embeddable":true,"href":"https:\/\/www.konstantin-goerlich.de\/wordpress\/wp-json\/wp\/v2\/comments?post=19"}],"version-history":[{"count":0,"href":"https:\/\/www.konstantin-goerlich.de\/wordpress\/wp-json\/wp\/v2\/posts\/19\/revisions"}],"wp:attachment":[{"href":"https:\/\/www.konstantin-goerlich.de\/wordpress\/wp-json\/wp\/v2\/media?parent=19"}],"wp:term":[{"taxonomy":"category","embeddable":true,"href":"https:\/\/www.konstantin-goerlich.de\/wordpress\/wp-json\/wp\/v2\/categories?post=19"},{"taxonomy":"post_tag","embeddable":true,"href":"https:\/\/www.konstantin-goerlich.de\/wordpress\/wp-json\/wp\/v2\/tags?post=19"}],"curies":[{"name":"wp","href":"https:\/\/api.w.org\/{rel}","templated":true}]}}