{"id":180,"date":"2008-02-01T13:25:57","date_gmt":"2008-02-01T12:25:57","guid":{"rendered":"http:\/\/www.konstantin-goerlich.de\/wordpress\/2008\/02\/01\/ablenkungsverordnung\/"},"modified":"2008-02-01T14:08:02","modified_gmt":"2008-02-01T13:08:02","slug":"ablenkungsverordnung","status":"publish","type":"post","link":"https:\/\/www.konstantin-goerlich.de\/wordpress\/2008\/02\/01\/ablenkungsverordnung\/","title":{"rendered":"Ablenkungsverordnung."},"content":{"rendered":"<p>Wie zu erwarten war ging es bei der Podiumsdiskussion nur um die eine Verordnung: das n\u00e4chtliche Wochenendtrinkverbot im sog. Bermudadreieck.<\/p>\n<blockquote><p>Au\u00dfer Acht lie\u00df der den Abend gekonnt moderierende Journalist Jens Kitzler damit die\u00a0eigentliche Skandal-Verordnung\u00a0der Stadt, mit der das Vorgehen der Polizei gegen soziale Randgruppen erleichtert werden soll.\u00a0\u00a0<\/p><\/blockquote>\n<p><a href=\"http:\/\/www.gruenesfreiburg.de\/2008\/02\/01\/heuchelei-und-atmosphaerenschutz-rund-ums-bermuda-dreieck\/\" target=\"_blank\">Das stellt Thorsten (gruenesfreiburg.de) in seinem Bericht fest.<\/a>\u00a0Lesenswert, besonders f\u00fcr alle, die wie ich nicht selbst teilnehmen konnten.<\/p>\n","protected":false},"excerpt":{"rendered":"<p>Wie zu erwarten war ging es bei der Podiumsdiskussion nur um die eine Verordnung: das n\u00e4chtliche Wochenendtrinkverbot im sog. Bermudadreieck. Au\u00dfer Acht lie\u00df der den Abend gekonnt moderierende Journalist Jens Kitzler damit die\u00a0eigentliche Skandal-Verordnung\u00a0der Stadt, mit der das Vorgehen der Polizei gegen soziale Randgruppen erleichtert werden soll.\u00a0\u00a0 Das stellt Thorsten (gruenesfreiburg.de) in seinem Bericht fest.\u00a0Lesenswert, &#8230; <\/p>\n<p class=\"read-more-container\"><a title=\"Ablenkungsverordnung.\" class=\"read-more button\" href=\"https:\/\/www.konstantin-goerlich.de\/wordpress\/2008\/02\/01\/ablenkungsverordnung\/#more-180\" aria-label=\"Mehr Informationen \u00fcber Ablenkungsverordnung.\">weiterlesen<\/a><\/p>\n","protected":false},"author":1,"featured_media":0,"comment_status":"open","ping_status":"open","sticky":false,"template":"","format":"standard","meta":{"footnotes":""},"categories":[1],"tags":[],"_links":{"self":[{"href":"https:\/\/www.konstantin-goerlich.de\/wordpress\/wp-json\/wp\/v2\/posts\/180"}],"collection":[{"href":"https:\/\/www.konstantin-goerlich.de\/wordpress\/wp-json\/wp\/v2\/posts"}],"about":[{"href":"https:\/\/www.konstantin-goerlich.de\/wordpress\/wp-json\/wp\/v2\/types\/post"}],"author":[{"embeddable":true,"href":"https:\/\/www.konstantin-goerlich.de\/wordpress\/wp-json\/wp\/v2\/users\/1"}],"replies":[{"embeddable":true,"href":"https:\/\/www.konstantin-goerlich.de\/wordpress\/wp-json\/wp\/v2\/comments?post=180"}],"version-history":[{"count":0,"href":"https:\/\/www.konstantin-goerlich.de\/wordpress\/wp-json\/wp\/v2\/posts\/180\/revisions"}],"wp:attachment":[{"href":"https:\/\/www.konstantin-goerlich.de\/wordpress\/wp-json\/wp\/v2\/media?parent=180"}],"wp:term":[{"taxonomy":"category","embeddable":true,"href":"https:\/\/www.konstantin-goerlich.de\/wordpress\/wp-json\/wp\/v2\/categories?post=180"},{"taxonomy":"post_tag","embeddable":true,"href":"https:\/\/www.konstantin-goerlich.de\/wordpress\/wp-json\/wp\/v2\/tags?post=180"}],"curies":[{"name":"wp","href":"https:\/\/api.w.org\/{rel}","templated":true}]}}