{"id":179,"date":"2008-01-30T00:16:14","date_gmt":"2008-01-29T23:16:14","guid":{"rendered":"http:\/\/www.konstantin-goerlich.de\/wordpress\/2008\/01\/30\/verbote-verbieten\/"},"modified":"2008-01-30T00:18:48","modified_gmt":"2008-01-29T23:18:48","slug":"verbote-verbieten","status":"publish","type":"post","link":"https:\/\/www.konstantin-goerlich.de\/wordpress\/2008\/01\/30\/verbote-verbieten\/","title":{"rendered":"Verbote verbieten?"},"content":{"rendered":"<p>Seit der Nacht auf den 2. Januar diesen Jahres (und damit die Silvesternacht zun\u00e4chst vermeidend) gilt ein Freiburg zwei weitere Verbote: An Wochenenden zwischen 22 und 6 Uhr ist im sog. &#8222;Bermudadreieck&#8220; beim Martinstor der Alkoholkonsum in der \u00d6ffentlichkeit verboten. W\u00e4hrend man sich f\u00fcr dieses Verbot noch eine Rechtfertigung zurechtbiegen k\u00f6nnen mag erzeugt das andere Verbot mindestens Kopfsch\u00fctteln: Fortan ist es im \u00f6ffentlichen Raum in Freiburg untersagt, \u201causschlie\u00dflich oder \u00fcberwiegend zum Zwecke des Alkoholgenusses\u201d zu lagern oder zu verweilen, wenn \u201cdessen Auswirkungen geeignet sind, Dritte erheblich zu bel\u00e4stigen\u201d. Ganz richtig gelesen: Ein blo\u00dfes Geeignetsein reicht hier zum Platzverweis v\u00f6llig aus.<br \/>Wie gruenesfreiburg.de bereits <a href=\"http:\/\/www.gruenesfreiburg.de\/2007\/11\/22\/hilfloser-verbots-aktionismus-ii-willkuerliches-vorgehen-gegen-randgruppen\/trackback\/\">am 22. November berichtete<\/a> soll hiermit aber nicht gegen einen wesentlichen Teil der Freiburger Lebensart, etwa gem\u00fctliche Abende mit Bierchen auf dem Augustinerplatz, vorgegangen werden, sondern lediglich gegen soziale Randgruppen. Na dann.<br \/>\u00dcber Sinn und Unsinn der beiden Verbote wird nun allseits heftig diskutiert. Es steht die Frage im Raum, was von der offenen Stadt \u00fcbriggeblieben ist, f\u00fcr die Salomon 2002 angetreten war. Eine der zahlreichen Podiumsdiskussionen findet heute Abend um 20 Uhr in der Aula der Gertrud-Luckner-Gewerbeschule statt, veranstaltet von den Freiburger Gr\u00fcnen und mit einem Podium, welches Kompetenz und Kontroverse erwarten l\u00e4\u00dft:<\/p>\n<blockquote><p>Maria Viethen, f\u00fcr die gr\u00fcne Gemeinderatsfraktion<br \/>Prof. Dr. Roland Hefendehl, Kriminologe an der Uni Freiburg<br \/>Walter Rubsamen, Leiter des Amts f\u00fcr \u00f6ffentliche Ordnung<br \/>Nicolas Mielich, Sch\u00fcler<br \/>Harry Hochuli, Leiter des Polizeireviers Freiburg-Nord<br \/>Jeanette Piram, Drogenhilfe Freiburg<\/p><\/blockquote>\n<p>Siehe dazu auch die <a href=\"http:\/\/www.gruenesfreiburg.de\/2008\/01\/28\/alkoholverbote-der-richtige-weg\/trackback\/\">Ank\u00fcndigung auf gruenesfreiburg.de<\/a>, dort gibts auch eine Karte, die Euch zum Veranstaltungsort f\u00fchrt.<\/p>\n","protected":false},"excerpt":{"rendered":"<p>Seit der Nacht auf den 2. Januar diesen Jahres (und damit die Silvesternacht zun\u00e4chst vermeidend) gilt ein Freiburg zwei weitere Verbote: An Wochenenden zwischen 22 und 6 Uhr ist im sog. &#8222;Bermudadreieck&#8220; beim Martinstor der Alkoholkonsum in der \u00d6ffentlichkeit verboten. W\u00e4hrend man sich f\u00fcr dieses Verbot noch eine Rechtfertigung zurechtbiegen k\u00f6nnen mag erzeugt das andere &#8230; <\/p>\n<p class=\"read-more-container\"><a title=\"Verbote verbieten?\" class=\"read-more button\" href=\"https:\/\/www.konstantin-goerlich.de\/wordpress\/2008\/01\/30\/verbote-verbieten\/#more-179\" aria-label=\"Mehr Informationen \u00fcber Verbote verbieten?\">weiterlesen<\/a><\/p>\n","protected":false},"author":1,"featured_media":0,"comment_status":"open","ping_status":"open","sticky":false,"template":"","format":"standard","meta":{"footnotes":""},"categories":[1],"tags":[],"_links":{"self":[{"href":"https:\/\/www.konstantin-goerlich.de\/wordpress\/wp-json\/wp\/v2\/posts\/179"}],"collection":[{"href":"https:\/\/www.konstantin-goerlich.de\/wordpress\/wp-json\/wp\/v2\/posts"}],"about":[{"href":"https:\/\/www.konstantin-goerlich.de\/wordpress\/wp-json\/wp\/v2\/types\/post"}],"author":[{"embeddable":true,"href":"https:\/\/www.konstantin-goerlich.de\/wordpress\/wp-json\/wp\/v2\/users\/1"}],"replies":[{"embeddable":true,"href":"https:\/\/www.konstantin-goerlich.de\/wordpress\/wp-json\/wp\/v2\/comments?post=179"}],"version-history":[{"count":0,"href":"https:\/\/www.konstantin-goerlich.de\/wordpress\/wp-json\/wp\/v2\/posts\/179\/revisions"}],"wp:attachment":[{"href":"https:\/\/www.konstantin-goerlich.de\/wordpress\/wp-json\/wp\/v2\/media?parent=179"}],"wp:term":[{"taxonomy":"category","embeddable":true,"href":"https:\/\/www.konstantin-goerlich.de\/wordpress\/wp-json\/wp\/v2\/categories?post=179"},{"taxonomy":"post_tag","embeddable":true,"href":"https:\/\/www.konstantin-goerlich.de\/wordpress\/wp-json\/wp\/v2\/tags?post=179"}],"curies":[{"name":"wp","href":"https:\/\/api.w.org\/{rel}","templated":true}]}}