{"id":175,"date":"2008-01-10T15:31:17","date_gmt":"2008-01-10T14:31:17","guid":{"rendered":"http:\/\/www.konstantin-goerlich.de\/wordpress\/2008\/01\/10\/es-geht-schon-wieder-los\/"},"modified":"2008-01-10T15:31:17","modified_gmt":"2008-01-10T14:31:17","slug":"es-geht-schon-wieder-los","status":"publish","type":"post","link":"https:\/\/www.konstantin-goerlich.de\/wordpress\/2008\/01\/10\/es-geht-schon-wieder-los\/","title":{"rendered":"Es geht schon wieder los."},"content":{"rendered":"<p>Mit der Drau\u00dfensitzsaison. Ich habe schon eine Weile \u00fcberlegt, wie ich das Blog-Jahr 2008 beginnen k\u00f6nnte. Bis ich das folgende Bild machte:<br \/><img decoding=\"async\" id=\"image174\" style=\"max-width:700px; width:100%\" src=\"https:\/\/www.konstantin-goerlich.de\/wordpress\/wp-content\/uploads\/2008\/01\/mensadraussen.jpg\" alt=\"mensadraussen.jpg\" \/><br \/>Heute Mittag kurz nach 13 Uhr waren im Mensagarten kaum noch Sonnenpl\u00e4tze frei. Zur Erinnerung: Wir haben den 10. Januar. Das Jahr f\u00e4ngt gut an. Oder?<\/p>\n","protected":false},"excerpt":{"rendered":"<p>Mit der Drau\u00dfensitzsaison. Ich habe schon eine Weile \u00fcberlegt, wie ich das Blog-Jahr 2008 beginnen k\u00f6nnte. Bis ich das folgende Bild machte:Heute Mittag kurz nach 13 Uhr waren im Mensagarten kaum noch Sonnenpl\u00e4tze frei. Zur Erinnerung: Wir haben den 10. Januar. Das Jahr f\u00e4ngt gut an. Oder?<\/p>\n","protected":false},"author":1,"featured_media":0,"comment_status":"open","ping_status":"open","sticky":false,"template":"","format":"standard","meta":{"footnotes":""},"categories":[1],"tags":[],"_links":{"self":[{"href":"https:\/\/www.konstantin-goerlich.de\/wordpress\/wp-json\/wp\/v2\/posts\/175"}],"collection":[{"href":"https:\/\/www.konstantin-goerlich.de\/wordpress\/wp-json\/wp\/v2\/posts"}],"about":[{"href":"https:\/\/www.konstantin-goerlich.de\/wordpress\/wp-json\/wp\/v2\/types\/post"}],"author":[{"embeddable":true,"href":"https:\/\/www.konstantin-goerlich.de\/wordpress\/wp-json\/wp\/v2\/users\/1"}],"replies":[{"embeddable":true,"href":"https:\/\/www.konstantin-goerlich.de\/wordpress\/wp-json\/wp\/v2\/comments?post=175"}],"version-history":[{"count":0,"href":"https:\/\/www.konstantin-goerlich.de\/wordpress\/wp-json\/wp\/v2\/posts\/175\/revisions"}],"wp:attachment":[{"href":"https:\/\/www.konstantin-goerlich.de\/wordpress\/wp-json\/wp\/v2\/media?parent=175"}],"wp:term":[{"taxonomy":"category","embeddable":true,"href":"https:\/\/www.konstantin-goerlich.de\/wordpress\/wp-json\/wp\/v2\/categories?post=175"},{"taxonomy":"post_tag","embeddable":true,"href":"https:\/\/www.konstantin-goerlich.de\/wordpress\/wp-json\/wp\/v2\/tags?post=175"}],"curies":[{"name":"wp","href":"https:\/\/api.w.org\/{rel}","templated":true}]}}