{"id":172,"date":"2007-12-06T16:00:50","date_gmt":"2007-12-06T15:00:50","guid":{"rendered":"http:\/\/www.konstantin-goerlich.de\/wordpress\/2007\/12\/06\/nikolaus-rute-fur-die-mensa\/"},"modified":"2007-12-06T16:00:50","modified_gmt":"2007-12-06T15:00:50","slug":"nikolaus-rute-fur-die-mensa","status":"publish","type":"post","link":"https:\/\/www.konstantin-goerlich.de\/wordpress\/2007\/12\/06\/nikolaus-rute-fur-die-mensa\/","title":{"rendered":"Nikolaus: Rute f\u00fcr die Mensa."},"content":{"rendered":"<p><img decoding=\"async\" id=\"image171\" style=\"max-width:700px; width:100%\" src=\"https:\/\/www.konstantin-goerlich.de\/wordpress\/wp-content\/uploads\/2007\/12\/mensaplan_nikolaus07.jpg\" alt=\"mensaplan_nikolaus07.jpg\"><\/img><br \/>Guter Plan &#8230;<\/p>\n<p>&#8230; nur die Ausf\u00fchrung, die Ausf\u00fchrung. Eigentlich hatte ich darauf spekuliert, heute das Nikolausessen 1 zu w\u00e4hlen. Jedoch reichte bereits 10 Minuten vor der Spitzenzeit um 13 Uhr die Schlange f\u00fcr die beiden Nikolausmen\u00fcs bis auf die Stra\u00dfe. Wie sich herausstellte hatte man sich wohl bei der Nachfrage verkalkuliert, denn es gab zeitweise nur das Men\u00fc 2, was aufgrund der beengten Platzverh\u00e4ltnisse dazu f\u00fchrte, da\u00df der Betrieb an der Men\u00fctheke zum vollst\u00e4ndigen Stillstand gelangte. Einerseits blamabel, andererseits gab es ohnehin kaumnoch Pl\u00e4tze. Bei schnellem Teller und Tagesgericht herrschte trotzdem g\u00e4hnende Leere, und so kam ich ohne Wartezeit an meine Fleischk\u00fcchle, die jedoch nicht von den angek\u00fcndigten Nudeln sondern mal wieder von Kartoffeln begleitet wurden, die wohl gebraten sein sollten. Meine Frage ist nun: Wie war es denn, das Nikolausessen 1? Einige (un)regelm\u00e4\u00dfige LeserInnen habe ich n\u00e4mlich damit gesehen ;-)<\/p>\n","protected":false},"excerpt":{"rendered":"<p>Guter Plan &#8230; &#8230; nur die Ausf\u00fchrung, die Ausf\u00fchrung. Eigentlich hatte ich darauf spekuliert, heute das Nikolausessen 1 zu w\u00e4hlen. Jedoch reichte bereits 10 Minuten vor der Spitzenzeit um 13 Uhr die Schlange f\u00fcr die beiden Nikolausmen\u00fcs bis auf die Stra\u00dfe. Wie sich herausstellte hatte man sich wohl bei der Nachfrage verkalkuliert, denn es gab &#8230; <\/p>\n<p class=\"read-more-container\"><a title=\"Nikolaus: Rute f\u00fcr die Mensa.\" class=\"read-more button\" href=\"https:\/\/www.konstantin-goerlich.de\/wordpress\/2007\/12\/06\/nikolaus-rute-fur-die-mensa\/#more-172\" aria-label=\"Mehr Informationen \u00fcber Nikolaus: Rute f\u00fcr die Mensa.\">weiterlesen<\/a><\/p>\n","protected":false},"author":1,"featured_media":0,"comment_status":"open","ping_status":"open","sticky":false,"template":"","format":"standard","meta":{"footnotes":""},"categories":[1],"tags":[],"_links":{"self":[{"href":"https:\/\/www.konstantin-goerlich.de\/wordpress\/wp-json\/wp\/v2\/posts\/172"}],"collection":[{"href":"https:\/\/www.konstantin-goerlich.de\/wordpress\/wp-json\/wp\/v2\/posts"}],"about":[{"href":"https:\/\/www.konstantin-goerlich.de\/wordpress\/wp-json\/wp\/v2\/types\/post"}],"author":[{"embeddable":true,"href":"https:\/\/www.konstantin-goerlich.de\/wordpress\/wp-json\/wp\/v2\/users\/1"}],"replies":[{"embeddable":true,"href":"https:\/\/www.konstantin-goerlich.de\/wordpress\/wp-json\/wp\/v2\/comments?post=172"}],"version-history":[{"count":0,"href":"https:\/\/www.konstantin-goerlich.de\/wordpress\/wp-json\/wp\/v2\/posts\/172\/revisions"}],"wp:attachment":[{"href":"https:\/\/www.konstantin-goerlich.de\/wordpress\/wp-json\/wp\/v2\/media?parent=172"}],"wp:term":[{"taxonomy":"category","embeddable":true,"href":"https:\/\/www.konstantin-goerlich.de\/wordpress\/wp-json\/wp\/v2\/categories?post=172"},{"taxonomy":"post_tag","embeddable":true,"href":"https:\/\/www.konstantin-goerlich.de\/wordpress\/wp-json\/wp\/v2\/tags?post=172"}],"curies":[{"name":"wp","href":"https:\/\/api.w.org\/{rel}","templated":true}]}}