{"id":165,"date":"2007-11-15T16:34:25","date_gmt":"2007-11-15T15:34:25","guid":{"rendered":"http:\/\/www.konstantin-goerlich.de\/wordpress\/2007\/11\/15\/eliten-bilden-verboten\/"},"modified":"2008-04-13T18:31:22","modified_gmt":"2008-04-13T16:31:22","slug":"eliten-bilden-verboten","status":"publish","type":"post","link":"https:\/\/www.konstantin-goerlich.de\/wordpress\/2007\/11\/15\/eliten-bilden-verboten\/","title":{"rendered":"Eliten bilden verboten."},"content":{"rendered":"<p>Gestern wurden die Klagen vierer Studenten gegen die Studiengeb\u00fchrenbefreiungsregeln der Uni Freiburg vor dem Verwaltungsgericht verhandelt. Wie sich schon w\u00e4hrend der \u00f6ffentlichen Verhandlung andeutete war es f\u00fcr die Uni, vertreten durch die Justiziarin Wiesen-Emmerich und den Leiter der Zentralstelle f\u00fcr studentische Angelegenheiten Vogelbacher (die Vertreterin des Ministeriums hatte sich vorsorglich auf eine Zuh\u00f6rerposition zur\u00fcckgezogen), eine spektakul\u00e4re Niederlage, die vom Gericht mit der Frage, ob man unbedingt ein Urteil wolle, eingeleitet wurde.Den bereits seit ihrer Einf\u00fchrung heftig kritisierten Befreiungsregeln stand vielleicht nicht ihre Rechts-, wohl aber ihre Sachwidrigkeit <em>auf die Stirn geschrieben<\/em>. Man mu\u00dfte nichteinmal, wie die <a href=\"http:\/\/www.taz.de\/1\/debatte\/kommentar\/artikel\/1\/falsch-verstandene-elitenbildung\/?src=SE&amp;cHash=fffb4b0eec\" target=\"_blank\">taz<\/a>, einen Heidegger-Vergleich bem\u00fchen um zu erkennen, da\u00df es sich bei den Befreiungstatbest\u00e4nden &#8222;Stipendium&#8220; und &#8222;IQ ab 130&#8220; zumindest teilweise um eine Art Sozialdarwinismus handelte. Dem schob das Gericht einen deutlichen Riegel vor. Auch f\u00fcr die Studierendenvertretung Grund zur Freude, gibt es doch damit nun auch in Baden-W\u00fcrttemberg einen ersten Schritt in Richtung der Abschaffung der Studiengeb\u00fchren. Hier die Pressemitteilung im Wortlaut:<\/p>\n<blockquote><p><strong>Befreiungsregelung der Uni Freiburg rechtswidrig<\/strong><em>Freiburger Studierendenvertretung begr\u00fc\u00dft Entscheidung des Verwaltungsgerichts<\/em>Nach der gestrigen m\u00fcndlichen Verhandlung hat das VG Freiburg entschieden, dass die Regelungen zur Hochbegabtenbefreiung der Universit\u00e4t Freiburg rechtswidrig sind. \u201eDas starre Konzept der Universit\u00e4t Freiburg, lediglich Stipendiaten bestimmter Stiftungen und Studierende mit einem IQ ab 130 zu befreien ist gescheitert\u201c, attestiert Jonathan Nowak, Vorstand des Unabh\u00e4ngigen Allgemeinen Studierendenausschusses (u-asta), der Studierendenvertretung an der Universit\u00e4t Freiburg.\u201eDie Universit\u00e4t wird so dazu gezwungen, tats\u00e4chliche Einzelfallentscheidungen bei der Hochbegabtenbefreiung zu treffen, anstatt nur in sachwidrigen Pauschalisierungen zu denken und zu handeln\u201c freut sich auch Henrike Hepprich, ebenfalls u-asta-Vorstand.Thorsten Deppner, einer der Kl\u00e4ger, der sich jetzt auf einen neuen Bescheid der Universit\u00e4t Freiburg freuen kann, erkl\u00e4rt, dass es ihm bei seiner Klage ums Prinzip ging: \u201eZwar bin ich selbst ehemaliger Stipendiat der Studienstiftung des deutschen Volkes, aber deshalb wei\u00df ich eben auch, welch starken Einfluss die soziale Herkunft auf die Auswahlverfahren in diesen Stiftungen hat. Wenn die Universit\u00e4t schon Hochbegabte befreien will, dann soll sie es wenigstens nach gerechten Kriterien tun.\u201cDie Studierendenvertretung kritisierte schon immer die Befreiungspraxis der Universit\u00e4t Freiburg. \u201eDurch dieses Urteil sehen wir uns nun auch rechtlich best\u00e4tigt\u201c, so Nowak abschlie\u00dfend.<\/p><\/blockquote>\n<p><strong>Update:<\/strong> Einer der Kl\u00e4ger berichtet auf <a href=\"http:\/\/www.gruenesfreiburg.de\/2007\/11\/15\/freiburger-hochbegabtenbefreiung-rechtswidrig\/\" target=\"_blank\">gruenesfreiburg.de<\/a>.<\/p>\n","protected":false},"excerpt":{"rendered":"<p>Gestern wurden die Klagen vierer Studenten gegen die Studiengeb\u00fchrenbefreiungsregeln der Uni Freiburg vor dem Verwaltungsgericht verhandelt. Wie sich schon w\u00e4hrend der \u00f6ffentlichen Verhandlung andeutete war es f\u00fcr die Uni, vertreten durch die Justiziarin Wiesen-Emmerich und den Leiter der Zentralstelle f\u00fcr studentische Angelegenheiten Vogelbacher (die Vertreterin des Ministeriums hatte sich vorsorglich auf eine Zuh\u00f6rerposition zur\u00fcckgezogen), eine &#8230; <\/p>\n<p class=\"read-more-container\"><a title=\"Eliten bilden verboten.\" class=\"read-more button\" href=\"https:\/\/www.konstantin-goerlich.de\/wordpress\/2007\/11\/15\/eliten-bilden-verboten\/#more-165\" aria-label=\"Mehr Informationen \u00fcber Eliten bilden verboten.\">weiterlesen<\/a><\/p>\n","protected":false},"author":1,"featured_media":0,"comment_status":"closed","ping_status":"open","sticky":false,"template":"","format":"standard","meta":{"footnotes":""},"categories":[1],"tags":[],"_links":{"self":[{"href":"https:\/\/www.konstantin-goerlich.de\/wordpress\/wp-json\/wp\/v2\/posts\/165"}],"collection":[{"href":"https:\/\/www.konstantin-goerlich.de\/wordpress\/wp-json\/wp\/v2\/posts"}],"about":[{"href":"https:\/\/www.konstantin-goerlich.de\/wordpress\/wp-json\/wp\/v2\/types\/post"}],"author":[{"embeddable":true,"href":"https:\/\/www.konstantin-goerlich.de\/wordpress\/wp-json\/wp\/v2\/users\/1"}],"replies":[{"embeddable":true,"href":"https:\/\/www.konstantin-goerlich.de\/wordpress\/wp-json\/wp\/v2\/comments?post=165"}],"version-history":[{"count":0,"href":"https:\/\/www.konstantin-goerlich.de\/wordpress\/wp-json\/wp\/v2\/posts\/165\/revisions"}],"wp:attachment":[{"href":"https:\/\/www.konstantin-goerlich.de\/wordpress\/wp-json\/wp\/v2\/media?parent=165"}],"wp:term":[{"taxonomy":"category","embeddable":true,"href":"https:\/\/www.konstantin-goerlich.de\/wordpress\/wp-json\/wp\/v2\/categories?post=165"},{"taxonomy":"post_tag","embeddable":true,"href":"https:\/\/www.konstantin-goerlich.de\/wordpress\/wp-json\/wp\/v2\/tags?post=165"}],"curies":[{"name":"wp","href":"https:\/\/api.w.org\/{rel}","templated":true}]}}