{"id":157,"date":"2007-10-30T16:05:37","date_gmt":"2007-10-30T15:05:37","guid":{"rendered":"http:\/\/www.konstantin-goerlich.de\/wordpress\/2007\/10\/30\/fruhstart\/"},"modified":"2007-10-30T16:07:15","modified_gmt":"2007-10-30T15:07:15","slug":"fruhstart","status":"publish","type":"post","link":"https:\/\/www.konstantin-goerlich.de\/wordpress\/2007\/10\/30\/fruhstart\/","title":{"rendered":"Fr\u00fchstart."},"content":{"rendered":"<p>Heute stand ich besonders fr\u00fch auf, denn es gab da noch etwas zu erledigen: Auf dem Thesenpapier f\u00fcr mein heutiges Proseminarreferat zum Thema &#8222;Parlamentarismus: Voraussetzungen und Funktionen&#8220; musste noch die obligatorische Kopfzeile eingef\u00fcgt werden. Dann ging es aber schon los. Das Semester hat zwar grad erst begonnen, was aber kein Grund ist, nicht schon etwas zu tun, und so hatte ich mich abermals f\u00fcr das erste der Referate entschieden. Ich war zwar von den 6 Tagen Vorbereitungszeit die ersten 3 Tage Erk\u00e4ltungsbedingt au\u00dfer Gefecht und ein Gro\u00dfteil der Literatur war wie so oft nicht auf die Schnelle verf\u00fcgbar, aber gerade in Anbetracht dieser Bedingungen ist ein zwar zugegebenerma\u00dfen leicht strukturfreies aber, so m\u00f6chte ich meinen, dennoch treffendes fast-Dreiviertelst\u00fcndchen dabei herausgekommen. Es ging \u00fcbrigens u.a. um Seymour M. Lipset und seine soziologischen Untersuchen zur Demokratie, eben um Voraussetzungen und Funktionen, insbesondere dann auch um die Rolle freier Wahlen. Soziologie, Jura und Politikwissenschaft also. Geschichte ist eben eines der interdisziplin\u00e4rsten F\u00e4cher \u00fcberhaupt.<\/p>\n","protected":false},"excerpt":{"rendered":"<p>Heute stand ich besonders fr\u00fch auf, denn es gab da noch etwas zu erledigen: Auf dem Thesenpapier f\u00fcr mein heutiges Proseminarreferat zum Thema &#8222;Parlamentarismus: Voraussetzungen und Funktionen&#8220; musste noch die obligatorische Kopfzeile eingef\u00fcgt werden. Dann ging es aber schon los. Das Semester hat zwar grad erst begonnen, was aber kein Grund ist, nicht schon etwas &#8230; <\/p>\n<p class=\"read-more-container\"><a title=\"Fr\u00fchstart.\" class=\"read-more button\" href=\"https:\/\/www.konstantin-goerlich.de\/wordpress\/2007\/10\/30\/fruhstart\/#more-157\" aria-label=\"Mehr Informationen \u00fcber Fr\u00fchstart.\">weiterlesen<\/a><\/p>\n","protected":false},"author":1,"featured_media":0,"comment_status":"open","ping_status":"open","sticky":false,"template":"","format":"standard","meta":{"footnotes":""},"categories":[1],"tags":[],"_links":{"self":[{"href":"https:\/\/www.konstantin-goerlich.de\/wordpress\/wp-json\/wp\/v2\/posts\/157"}],"collection":[{"href":"https:\/\/www.konstantin-goerlich.de\/wordpress\/wp-json\/wp\/v2\/posts"}],"about":[{"href":"https:\/\/www.konstantin-goerlich.de\/wordpress\/wp-json\/wp\/v2\/types\/post"}],"author":[{"embeddable":true,"href":"https:\/\/www.konstantin-goerlich.de\/wordpress\/wp-json\/wp\/v2\/users\/1"}],"replies":[{"embeddable":true,"href":"https:\/\/www.konstantin-goerlich.de\/wordpress\/wp-json\/wp\/v2\/comments?post=157"}],"version-history":[{"count":0,"href":"https:\/\/www.konstantin-goerlich.de\/wordpress\/wp-json\/wp\/v2\/posts\/157\/revisions"}],"wp:attachment":[{"href":"https:\/\/www.konstantin-goerlich.de\/wordpress\/wp-json\/wp\/v2\/media?parent=157"}],"wp:term":[{"taxonomy":"category","embeddable":true,"href":"https:\/\/www.konstantin-goerlich.de\/wordpress\/wp-json\/wp\/v2\/categories?post=157"},{"taxonomy":"post_tag","embeddable":true,"href":"https:\/\/www.konstantin-goerlich.de\/wordpress\/wp-json\/wp\/v2\/tags?post=157"}],"curies":[{"name":"wp","href":"https:\/\/api.w.org\/{rel}","templated":true}]}}