{"id":152,"date":"2007-10-24T15:21:59","date_gmt":"2007-10-24T13:21:59","guid":{"rendered":"http:\/\/www.konstantin-goerlich.de\/wordpress\/2007\/10\/24\/dimido-woche\/"},"modified":"2007-10-24T15:21:59","modified_gmt":"2007-10-24T13:21:59","slug":"dimido-woche","status":"publish","type":"post","link":"https:\/\/www.konstantin-goerlich.de\/wordpress\/2007\/10\/24\/dimido-woche\/","title":{"rendered":"Dimido-Woche."},"content":{"rendered":"<p>So lautet, wie ich grad lernte, der Fachbegriff unter Studierenden f\u00fcr einen Stundenplan, der Montags (und Freitags) keine Termine enth\u00e4lt. So eine hab ich nicht. Aber fast, denn am Montag Abend besuche ich eine Vorlesung deren Titel auch in der Bezeichnung eines meiner Nebenf\u00e4cher enthalten ist. Eine Vorlesung die ich f\u00fcr das andere Nebenfach besuchen wollte f\u00e4llt als direkte Auswirkung der gewonnenen Exzellenzinitiative ersatzlos aus (vgl. FSK-Protokoll von gestern), so da\u00df zwangsl\u00e4ufig Zeit frei wird. Elite-Uni hat n\u00e4mlich, das m\u00fcssen viele erst noch lernen, nichts mit Elite-Lehre zu tun. Im Gegenteil.<\/p>\n","protected":false},"excerpt":{"rendered":"<p>So lautet, wie ich grad lernte, der Fachbegriff unter Studierenden f\u00fcr einen Stundenplan, der Montags (und Freitags) keine Termine enth\u00e4lt. So eine hab ich nicht. Aber fast, denn am Montag Abend besuche ich eine Vorlesung deren Titel auch in der Bezeichnung eines meiner Nebenf\u00e4cher enthalten ist. Eine Vorlesung die ich f\u00fcr das andere Nebenfach besuchen &#8230; <\/p>\n<p class=\"read-more-container\"><a title=\"Dimido-Woche.\" class=\"read-more button\" href=\"https:\/\/www.konstantin-goerlich.de\/wordpress\/2007\/10\/24\/dimido-woche\/#more-152\" aria-label=\"Mehr Informationen \u00fcber Dimido-Woche.\">weiterlesen<\/a><\/p>\n","protected":false},"author":1,"featured_media":0,"comment_status":"open","ping_status":"open","sticky":false,"template":"","format":"standard","meta":{"footnotes":""},"categories":[1],"tags":[],"_links":{"self":[{"href":"https:\/\/www.konstantin-goerlich.de\/wordpress\/wp-json\/wp\/v2\/posts\/152"}],"collection":[{"href":"https:\/\/www.konstantin-goerlich.de\/wordpress\/wp-json\/wp\/v2\/posts"}],"about":[{"href":"https:\/\/www.konstantin-goerlich.de\/wordpress\/wp-json\/wp\/v2\/types\/post"}],"author":[{"embeddable":true,"href":"https:\/\/www.konstantin-goerlich.de\/wordpress\/wp-json\/wp\/v2\/users\/1"}],"replies":[{"embeddable":true,"href":"https:\/\/www.konstantin-goerlich.de\/wordpress\/wp-json\/wp\/v2\/comments?post=152"}],"version-history":[{"count":0,"href":"https:\/\/www.konstantin-goerlich.de\/wordpress\/wp-json\/wp\/v2\/posts\/152\/revisions"}],"wp:attachment":[{"href":"https:\/\/www.konstantin-goerlich.de\/wordpress\/wp-json\/wp\/v2\/media?parent=152"}],"wp:term":[{"taxonomy":"category","embeddable":true,"href":"https:\/\/www.konstantin-goerlich.de\/wordpress\/wp-json\/wp\/v2\/categories?post=152"},{"taxonomy":"post_tag","embeddable":true,"href":"https:\/\/www.konstantin-goerlich.de\/wordpress\/wp-json\/wp\/v2\/tags?post=152"}],"curies":[{"name":"wp","href":"https:\/\/api.w.org\/{rel}","templated":true}]}}