{"id":151,"date":"2007-10-17T13:50:14","date_gmt":"2007-10-17T11:50:14","guid":{"rendered":"http:\/\/www.konstantin-goerlich.de\/wordpress\/2007\/10\/17\/macnotesrumorscom\/"},"modified":"2007-10-17T13:51:05","modified_gmt":"2007-10-17T11:51:05","slug":"macnotesrumorscom","status":"publish","type":"post","link":"https:\/\/www.konstantin-goerlich.de\/wordpress\/2007\/10\/17\/macnotesrumorscom\/","title":{"rendered":"macnotesrumors.com"},"content":{"rendered":"<p>In der <a href=\"http:\/\/www.macnotes.de\/2007\/10\/17\/macnotes-auf-der-maclive-expo-in-koln\/\" target=\"_blank\">Meldung<\/a> zur MacLive Expo bei macnotes.de findet sich folgender Hinweis:<\/p>\n<blockquote><p>Au\u00dferdem wird es zur MacLive Expo einige Neuerungen bei Macnotes geben, die bis dahin allerdings noch mindestens so geheim sind wie Steve Jobs n\u00e4chste Keynote.<\/p><\/blockquote>\n<p>Ob es sich hierbei tats\u00e4chlich um die langersehnten Communityfunktionalit\u00e4ten handelt oder ob man sich in den \u00fcber ganz Deutschland verteilten Geheimlabors etwas ganz neues ausgedacht hat ist bislang jedoch unklar.<\/p>\n","protected":false},"excerpt":{"rendered":"<p>In der Meldung zur MacLive Expo bei macnotes.de findet sich folgender Hinweis: Au\u00dferdem wird es zur MacLive Expo einige Neuerungen bei Macnotes geben, die bis dahin allerdings noch mindestens so geheim sind wie Steve Jobs n\u00e4chste Keynote. Ob es sich hierbei tats\u00e4chlich um die langersehnten Communityfunktionalit\u00e4ten handelt oder ob man sich in den \u00fcber ganz &#8230; <\/p>\n<p class=\"read-more-container\"><a title=\"macnotesrumors.com\" class=\"read-more button\" href=\"https:\/\/www.konstantin-goerlich.de\/wordpress\/2007\/10\/17\/macnotesrumorscom\/#more-151\" aria-label=\"Mehr Informationen \u00fcber macnotesrumors.com\">weiterlesen<\/a><\/p>\n","protected":false},"author":1,"featured_media":0,"comment_status":"open","ping_status":"open","sticky":false,"template":"","format":"standard","meta":{"footnotes":""},"categories":[1],"tags":[],"_links":{"self":[{"href":"https:\/\/www.konstantin-goerlich.de\/wordpress\/wp-json\/wp\/v2\/posts\/151"}],"collection":[{"href":"https:\/\/www.konstantin-goerlich.de\/wordpress\/wp-json\/wp\/v2\/posts"}],"about":[{"href":"https:\/\/www.konstantin-goerlich.de\/wordpress\/wp-json\/wp\/v2\/types\/post"}],"author":[{"embeddable":true,"href":"https:\/\/www.konstantin-goerlich.de\/wordpress\/wp-json\/wp\/v2\/users\/1"}],"replies":[{"embeddable":true,"href":"https:\/\/www.konstantin-goerlich.de\/wordpress\/wp-json\/wp\/v2\/comments?post=151"}],"version-history":[{"count":0,"href":"https:\/\/www.konstantin-goerlich.de\/wordpress\/wp-json\/wp\/v2\/posts\/151\/revisions"}],"wp:attachment":[{"href":"https:\/\/www.konstantin-goerlich.de\/wordpress\/wp-json\/wp\/v2\/media?parent=151"}],"wp:term":[{"taxonomy":"category","embeddable":true,"href":"https:\/\/www.konstantin-goerlich.de\/wordpress\/wp-json\/wp\/v2\/categories?post=151"},{"taxonomy":"post_tag","embeddable":true,"href":"https:\/\/www.konstantin-goerlich.de\/wordpress\/wp-json\/wp\/v2\/tags?post=151"}],"curies":[{"name":"wp","href":"https:\/\/api.w.org\/{rel}","templated":true}]}}