{"id":150,"date":"2007-10-16T15:41:43","date_gmt":"2007-10-16T13:41:43","guid":{"rendered":"http:\/\/www.konstantin-goerlich.de\/wordpress\/2007\/10\/16\/fahrradstadt\/"},"modified":"2007-10-16T15:41:43","modified_gmt":"2007-10-16T13:41:43","slug":"fahrradstadt","status":"publish","type":"post","link":"https:\/\/www.konstantin-goerlich.de\/wordpress\/2007\/10\/16\/fahrradstadt\/","title":{"rendered":"Fahrradstadt."},"content":{"rendered":"<p><img decoding=\"async\" id=\"image149\" style=\"max-width:700px; width:100%\" src=\"https:\/\/www.konstantin-goerlich.de\/wordpress\/wp-content\/uploads\/2007\/10\/parkschildgross.jpg\" alt=\"parkschildgross.jpg\"><\/img><br \/>\nAb 24.10. wird das Fahrradparkverbot im Zentrum der Fu\u00dfg\u00e4ngerzone rigoros durchgesetzt. So stand es bereits in der Presse und so steht es seit heute morgen stadtversch\u00f6nernd an jeder zweiten Laterne in der KaJo. Das Fahrradparkverbotsschild neben dem kleinen Fu\u00dfg\u00e4ngerzonenschild mu\u00df sich die Stadt ausgedacht haben, in der StVO ist es jedenfalls nicht vorgesehen. Gest\u00fctzt wird das ganze als Sondernutzung auf \u00a7 16 (8) Stra\u00dfengesetz. Ob f\u00fcr das Fahrradparken die selben Regeln gelten wie beim Auto (Wer l\u00e4nger als 3 Minuten h\u00e4lt und\/oder sein Fahrzeug verl\u00e4\u00dft, der parkt) ist somit nicht ganz klar. Vermutlich wird es ohnehin nur einen einzigen gro\u00dfen Abschleppeinsatz geben, und zwar am morgen des 24.10. gegen all die Dauerparker. Wer danach nur mal kurz w\u00e4hrend seines Einkaufs parkt wird wohl kaum erwischt, geschweige denn abgeschleppt werden&#8230;<\/p>\n","protected":false},"excerpt":{"rendered":"<p>Ab 24.10. wird das Fahrradparkverbot im Zentrum der Fu\u00dfg\u00e4ngerzone rigoros durchgesetzt. So stand es bereits in der Presse und so steht es seit heute morgen stadtversch\u00f6nernd an jeder zweiten Laterne in der KaJo. Das Fahrradparkverbotsschild neben dem kleinen Fu\u00dfg\u00e4ngerzonenschild mu\u00df sich die Stadt ausgedacht haben, in der StVO ist es jedenfalls nicht vorgesehen. Gest\u00fctzt wird &#8230; <\/p>\n<p class=\"read-more-container\"><a title=\"Fahrradstadt.\" class=\"read-more button\" href=\"https:\/\/www.konstantin-goerlich.de\/wordpress\/2007\/10\/16\/fahrradstadt\/#more-150\" aria-label=\"Mehr Informationen \u00fcber Fahrradstadt.\">weiterlesen<\/a><\/p>\n","protected":false},"author":1,"featured_media":0,"comment_status":"open","ping_status":"open","sticky":false,"template":"","format":"standard","meta":{"footnotes":""},"categories":[1],"tags":[],"_links":{"self":[{"href":"https:\/\/www.konstantin-goerlich.de\/wordpress\/wp-json\/wp\/v2\/posts\/150"}],"collection":[{"href":"https:\/\/www.konstantin-goerlich.de\/wordpress\/wp-json\/wp\/v2\/posts"}],"about":[{"href":"https:\/\/www.konstantin-goerlich.de\/wordpress\/wp-json\/wp\/v2\/types\/post"}],"author":[{"embeddable":true,"href":"https:\/\/www.konstantin-goerlich.de\/wordpress\/wp-json\/wp\/v2\/users\/1"}],"replies":[{"embeddable":true,"href":"https:\/\/www.konstantin-goerlich.de\/wordpress\/wp-json\/wp\/v2\/comments?post=150"}],"version-history":[{"count":0,"href":"https:\/\/www.konstantin-goerlich.de\/wordpress\/wp-json\/wp\/v2\/posts\/150\/revisions"}],"wp:attachment":[{"href":"https:\/\/www.konstantin-goerlich.de\/wordpress\/wp-json\/wp\/v2\/media?parent=150"}],"wp:term":[{"taxonomy":"category","embeddable":true,"href":"https:\/\/www.konstantin-goerlich.de\/wordpress\/wp-json\/wp\/v2\/categories?post=150"},{"taxonomy":"post_tag","embeddable":true,"href":"https:\/\/www.konstantin-goerlich.de\/wordpress\/wp-json\/wp\/v2\/tags?post=150"}],"curies":[{"name":"wp","href":"https:\/\/api.w.org\/{rel}","templated":true}]}}