{"id":15,"date":"2006-07-25T01:42:50","date_gmt":"2006-07-24T23:42:50","guid":{"rendered":"http:\/\/www.konstantin-goerlich.de\/wordpress\/25\/07\/2006\/tierisch-heis\/"},"modified":"2006-07-25T01:48:37","modified_gmt":"2006-07-24T23:48:37","slug":"tierisch-heis","status":"publish","type":"post","link":"https:\/\/www.konstantin-goerlich.de\/wordpress\/2006\/07\/25\/tierisch-heis\/","title":{"rendered":"tierisch hei\u00df"},"content":{"rendered":"<p>Es ist, trotz eines kleinen Regengusses am Montag Abend, immernoch tierisch hei\u00df, auch nachts. Was kann man da tun? Nicht viel. Aber man kann \u00dcbernachtungsg\u00e4ste aufnehmen, und so gibt es wiedereinmal tierische Bilder. Diesmal sucht mich allerdings kein <a href=\"https:\/\/www.konstantin-goerlich.de\/wordpress\/27\/06\/2006\/wer-hatte-das-gedachst\/\" target=\"_blank\">Dachs<\/a> heim, sondern ein kleines, zerzaustes V\u00f6glein, welches nun schon zum mindestens zweiten mal auf meinem Balkon \u00fcbernachtet und sich dabei weder von mir, noch vom Blitz der Kamera st\u00f6ren l\u00e4\u00dft. Na dann Gute Nacht!<\/p>\n<p><a class=\"imagelink\" href=\"https:\/\/www.konstantin-goerlich.de\/wordpress\/wp-content\/uploads\/2006\/07\/vogel1.jpg\" title=\"vogel1.jpg\" rel=\"lightbox[15]\"><img decoding=\"async\" id=\"image14\" src=\"https:\/\/www.konstantin-goerlich.de\/wordpress\/wp-content\/uploads\/2006\/07\/vogel1.thumbnail.jpg\" alt=\"vogel1.jpg\" \/><\/a> <a class=\"imagelink\" href=\"https:\/\/www.konstantin-goerlich.de\/wordpress\/wp-content\/uploads\/2006\/07\/vogel21.jpg\" title=\"vogel21.jpg\" rel=\"lightbox[15]\"><img decoding=\"async\" id=\"image16\" src=\"https:\/\/www.konstantin-goerlich.de\/wordpress\/wp-content\/uploads\/2006\/07\/vogel21.thumbnail.jpg\" alt=\"vogel21.jpg\" \/><\/a><\/p>\n","protected":false},"excerpt":{"rendered":"<p>Es ist, trotz eines kleinen Regengusses am Montag Abend, immernoch tierisch hei\u00df, auch nachts. Was kann man da tun? Nicht viel. Aber man kann \u00dcbernachtungsg\u00e4ste aufnehmen, und so gibt es wiedereinmal tierische Bilder. Diesmal sucht mich allerdings kein Dachs heim, sondern ein kleines, zerzaustes V\u00f6glein, welches nun schon zum mindestens zweiten mal auf meinem Balkon &#8230; <\/p>\n<p class=\"read-more-container\"><a title=\"tierisch hei\u00df\" class=\"read-more button\" href=\"https:\/\/www.konstantin-goerlich.de\/wordpress\/2006\/07\/25\/tierisch-heis\/#more-15\" aria-label=\"Mehr Informationen \u00fcber tierisch hei\u00df\">weiterlesen<\/a><\/p>\n","protected":false},"author":1,"featured_media":0,"comment_status":"open","ping_status":"open","sticky":false,"template":"","format":"standard","meta":{"footnotes":""},"categories":[1],"tags":[],"_links":{"self":[{"href":"https:\/\/www.konstantin-goerlich.de\/wordpress\/wp-json\/wp\/v2\/posts\/15"}],"collection":[{"href":"https:\/\/www.konstantin-goerlich.de\/wordpress\/wp-json\/wp\/v2\/posts"}],"about":[{"href":"https:\/\/www.konstantin-goerlich.de\/wordpress\/wp-json\/wp\/v2\/types\/post"}],"author":[{"embeddable":true,"href":"https:\/\/www.konstantin-goerlich.de\/wordpress\/wp-json\/wp\/v2\/users\/1"}],"replies":[{"embeddable":true,"href":"https:\/\/www.konstantin-goerlich.de\/wordpress\/wp-json\/wp\/v2\/comments?post=15"}],"version-history":[{"count":0,"href":"https:\/\/www.konstantin-goerlich.de\/wordpress\/wp-json\/wp\/v2\/posts\/15\/revisions"}],"wp:attachment":[{"href":"https:\/\/www.konstantin-goerlich.de\/wordpress\/wp-json\/wp\/v2\/media?parent=15"}],"wp:term":[{"taxonomy":"category","embeddable":true,"href":"https:\/\/www.konstantin-goerlich.de\/wordpress\/wp-json\/wp\/v2\/categories?post=15"},{"taxonomy":"post_tag","embeddable":true,"href":"https:\/\/www.konstantin-goerlich.de\/wordpress\/wp-json\/wp\/v2\/tags?post=15"}],"curies":[{"name":"wp","href":"https:\/\/api.w.org\/{rel}","templated":true}]}}